{"id":9620,"date":"2025-12-02T17:55:29","date_gmt":"2025-12-02T16:55:29","guid":{"rendered":"http:\/\/ecolesaintemariesaintdivy.fr\/?p=9620"},"modified":"2025-12-02T17:56:36","modified_gmt":"2025-12-02T16:56:36","slug":"production-geometrie-et-art-pour-les-cm","status":"publish","type":"post","link":"https:\/\/ecolesaintemariesaintdivy.fr\/?p=9620","title":{"rendered":"Productions \u00ab\u00a0G\u00e9om\u00e9trie et Art\u00a0\u00bb des CM"},"content":{"rendered":"\n<div class=\"wp-block-columns\">\n<div class=\"wp-block-column\" style=\"flex-basis:100%\">\n<p>Les \u00e9l\u00e8ves de CM ont b\u00e9n\u00e9fici\u00e9 d&rsquo;une intervention de Mme Polard, responsable du niveau 6e au coll\u00e8ge Saint Charles, mardi matin. Ils ont r\u00e9alis\u00e9 une activit\u00e9 m\u00ealant la g\u00e9om\u00e9trie et les arts. Chacun a pu r\u00e9aliser sa propre figure en suivant le programme de construction propos\u00e9. Les productions seront affich\u00e9es au coll\u00e8ge, et ainsi cela formera une grande fresque en les associant avec les productions des autres \u00e9coles primaires du secteur.  <\/p>\n\n\n\n<p>La pr\u00e9cision \u00e9tait au rendez-vous ! <\/p>\n<\/div>\n<\/div>\n\n\n\n<div class=\"wp-block-group\"><div class=\"wp-block-group__inner-container\">\n<div class=\"wp-block-columns\">\n<div class=\"wp-block-column\" style=\"flex-basis:100%\">\n<figure class=\"wp-block-gallery columns-2 is-cropped\"><ul class=\"blocks-gallery-grid\"><li class=\"blocks-gallery-item\"><figure><img loading=\"lazy\" width=\"768\" height=\"1024\" src=\"https:\/\/ecolesaintemariesaintdivy.fr\/wp-content\/uploads\/2025\/12\/1-1-768x1024.jpg\" alt=\"\" data-id=\"9623\" data-link=\"https:\/\/ecolesaintemariesaintdivy.fr\/?attachment_id=9623\" class=\"wp-image-9623\"\/><\/figure><\/li><li class=\"blocks-gallery-item\"><figure><img loading=\"lazy\" width=\"768\" height=\"1024\" src=\"https:\/\/ecolesaintemariesaintdivy.fr\/wp-content\/uploads\/2025\/12\/2-1-768x1024.jpg\" alt=\"\" data-id=\"9624\" data-full-url=\"https:\/\/ecolesaintemariesaintdivy.fr\/wp-content\/uploads\/2025\/12\/2-1.jpg\" data-link=\"https:\/\/ecolesaintemariesaintdivy.fr\/?attachment_id=9624\" class=\"wp-image-9624\"\/><\/figure><\/li><\/ul><\/figure>\n<\/div>\n<\/div>\n<\/div><\/div>\n\n\n\n<p><\/p>\n","protected":false},"excerpt":{"rendered":"<p>Les \u00e9l\u00e8ves de CM ont b\u00e9n\u00e9fici\u00e9 d&rsquo;une intervention de Mme Polard, responsable du niveau 6e au coll\u00e8ge Saint Charles, mardi matin. Ils ont r\u00e9alis\u00e9 une activit\u00e9 m\u00ealant la g\u00e9om\u00e9trie et les arts. Chacun a pu r\u00e9aliser sa propre figure en suivant le programme de construction propos\u00e9. Les productions seront affich\u00e9es au coll\u00e8ge, et ainsi cela [&hellip;]<\/p>\n","protected":false},"author":3,"featured_media":9624,"comment_status":"closed","ping_status":"closed","sticky":false,"template":"","format":"standard","meta":{"_et_pb_use_builder":"off","_et_pb_old_content":"","_et_gb_content_width":""},"categories":[1],"tags":[],"_links":{"self":[{"href":"https:\/\/ecolesaintemariesaintdivy.fr\/index.php?rest_route=\/wp\/v2\/posts\/9620"}],"collection":[{"href":"https:\/\/ecolesaintemariesaintdivy.fr\/index.php?rest_route=\/wp\/v2\/posts"}],"about":[{"href":"https:\/\/ecolesaintemariesaintdivy.fr\/index.php?rest_route=\/wp\/v2\/types\/post"}],"author":[{"embeddable":true,"href":"https:\/\/ecolesaintemariesaintdivy.fr\/index.php?rest_route=\/wp\/v2\/users\/3"}],"replies":[{"embeddable":true,"href":"https:\/\/ecolesaintemariesaintdivy.fr\/index.php?rest_route=%2Fwp%2Fv2%2Fcomments&post=9620"}],"version-history":[{"count":3,"href":"https:\/\/ecolesaintemariesaintdivy.fr\/index.php?rest_route=\/wp\/v2\/posts\/9620\/revisions"}],"predecessor-version":[{"id":9627,"href":"https:\/\/ecolesaintemariesaintdivy.fr\/index.php?rest_route=\/wp\/v2\/posts\/9620\/revisions\/9627"}],"wp:featuredmedia":[{"embeddable":true,"href":"https:\/\/ecolesaintemariesaintdivy.fr\/index.php?rest_route=\/wp\/v2\/media\/9624"}],"wp:attachment":[{"href":"https:\/\/ecolesaintemariesaintdivy.fr\/index.php?rest_route=%2Fwp%2Fv2%2Fmedia&parent=9620"}],"wp:term":[{"taxonomy":"category","embeddable":true,"href":"https:\/\/ecolesaintemariesaintdivy.fr\/index.php?rest_route=%2Fwp%2Fv2%2Fcategories&post=9620"},{"taxonomy":"post_tag","embeddable":true,"href":"https:\/\/ecolesaintemariesaintdivy.fr\/index.php?rest_route=%2Fwp%2Fv2%2Ftags&post=9620"}],"curies":[{"name":"wp","href":"https:\/\/api.w.org\/{rel}","templated":true}]}}