{"id":9388,"date":"2025-06-29T12:20:43","date_gmt":"2025-06-29T10:20:43","guid":{"rendered":"http:\/\/ecolesaintemariesaintdivy.fr\/?p=9388"},"modified":"2025-06-29T12:20:44","modified_gmt":"2025-06-29T10:20:44","slug":"tps-ps-ms-les-anniversaires-de-juin-juillet-et-aout","status":"publish","type":"post","link":"https:\/\/ecolesaintemariesaintdivy.fr\/?p=9388","title":{"rendered":"TPS PS MS : LES ANNIVERSAIRES de juin, juillet et ao\u00fbt"},"content":{"rendered":"\n<p>Arthur, Anna et Gaspard ont confectionn\u00e9 leur g\u00e2teau d&rsquo;anniversaire. <br>Arthur a eu 4 ans , Anna et Gaspard auront 4 ans pendant les vacances d&rsquo;\u00e9t\u00e9.<br><\/p>\n\n\n\n<figure class=\"wp-block-image size-large\"><img loading=\"lazy\" width=\"1024\" height=\"576\" src=\"https:\/\/ecolesaintemariesaintdivy.fr\/wp-content\/uploads\/2025\/06\/20250627_111357-1024x576.jpg\" alt=\"\" class=\"wp-image-9391\" srcset=\"https:\/\/ecolesaintemariesaintdivy.fr\/wp-content\/uploads\/2025\/06\/20250627_111357-980x551.jpg 980w, https:\/\/ecolesaintemariesaintdivy.fr\/wp-content\/uploads\/2025\/06\/20250627_111357-480x270.jpg 480w\" sizes=\"(min-width: 0px) and (max-width: 480px) 480px, (min-width: 481px) and (max-width: 980px) 980px, (min-width: 981px) 1024px, 100vw\" \/><\/figure>\n\n\n\n<figure class=\"wp-block-image size-large\"><img loading=\"lazy\" width=\"657\" height=\"1024\" src=\"https:\/\/ecolesaintemariesaintdivy.fr\/wp-content\/uploads\/2025\/06\/20250627_091640-657x1024.jpg\" alt=\"\" class=\"wp-image-9392\"\/><\/figure>\n\n\n\n<figure class=\"wp-block-image size-large\"><img loading=\"lazy\" width=\"1024\" height=\"576\" src=\"https:\/\/ecolesaintemariesaintdivy.fr\/wp-content\/uploads\/2025\/06\/20250627_091712-1024x576.jpg\" alt=\"\" class=\"wp-image-9393\" srcset=\"https:\/\/ecolesaintemariesaintdivy.fr\/wp-content\/uploads\/2025\/06\/20250627_091712-980x551.jpg 980w, https:\/\/ecolesaintemariesaintdivy.fr\/wp-content\/uploads\/2025\/06\/20250627_091712-480x270.jpg 480w\" sizes=\"(min-width: 0px) and (max-width: 480px) 480px, (min-width: 481px) and (max-width: 980px) 980px, (min-width: 981px) 1024px, 100vw\" \/><\/figure>\n\n\n\n<figure class=\"wp-block-image size-large\"><img loading=\"lazy\" width=\"616\" height=\"1024\" src=\"https:\/\/ecolesaintemariesaintdivy.fr\/wp-content\/uploads\/2025\/06\/20250627_091806-616x1024.jpg\" alt=\"\" class=\"wp-image-9394\"\/><\/figure>\n\n\n\n<figure class=\"wp-block-image size-large\"><img loading=\"lazy\" width=\"1024\" height=\"576\" src=\"https:\/\/ecolesaintemariesaintdivy.fr\/wp-content\/uploads\/2025\/06\/20250627_111912-1024x576.jpg\" alt=\"\" class=\"wp-image-9395\" srcset=\"https:\/\/ecolesaintemariesaintdivy.fr\/wp-content\/uploads\/2025\/06\/20250627_111912-980x551.jpg 980w, https:\/\/ecolesaintemariesaintdivy.fr\/wp-content\/uploads\/2025\/06\/20250627_111912-480x270.jpg 480w\" sizes=\"(min-width: 0px) and (max-width: 480px) 480px, (min-width: 481px) and (max-width: 980px) 980px, (min-width: 981px) 1024px, 100vw\" \/><\/figure>\n\n\n\n<figure class=\"wp-block-image size-large\"><img loading=\"lazy\" width=\"1024\" height=\"576\" src=\"https:\/\/ecolesaintemariesaintdivy.fr\/wp-content\/uploads\/2025\/06\/20250627_111924-1024x576.jpg\" alt=\"\" class=\"wp-image-9396\" srcset=\"https:\/\/ecolesaintemariesaintdivy.fr\/wp-content\/uploads\/2025\/06\/20250627_111924-980x551.jpg 980w, https:\/\/ecolesaintemariesaintdivy.fr\/wp-content\/uploads\/2025\/06\/20250627_111924-480x270.jpg 480w\" sizes=\"(min-width: 0px) and (max-width: 480px) 480px, (min-width: 481px) and (max-width: 980px) 980px, (min-width: 981px) 1024px, 100vw\" \/><\/figure>\n","protected":false},"excerpt":{"rendered":"<p>Arthur, Anna et Gaspard ont confectionn\u00e9 leur g\u00e2teau d&rsquo;anniversaire. Arthur a eu 4 ans , Anna et Gaspard auront 4 ans pendant les vacances d&rsquo;\u00e9t\u00e9.<\/p>\n","protected":false},"author":3,"featured_media":9391,"comment_status":"closed","ping_status":"closed","sticky":false,"template":"","format":"standard","meta":{"_et_pb_use_builder":"","_et_pb_old_content":"","_et_gb_content_width":""},"categories":[1],"tags":[],"_links":{"self":[{"href":"https:\/\/ecolesaintemariesaintdivy.fr\/index.php?rest_route=\/wp\/v2\/posts\/9388"}],"collection":[{"href":"https:\/\/ecolesaintemariesaintdivy.fr\/index.php?rest_route=\/wp\/v2\/posts"}],"about":[{"href":"https:\/\/ecolesaintemariesaintdivy.fr\/index.php?rest_route=\/wp\/v2\/types\/post"}],"author":[{"embeddable":true,"href":"https:\/\/ecolesaintemariesaintdivy.fr\/index.php?rest_route=\/wp\/v2\/users\/3"}],"replies":[{"embeddable":true,"href":"https:\/\/ecolesaintemariesaintdivy.fr\/index.php?rest_route=%2Fwp%2Fv2%2Fcomments&post=9388"}],"version-history":[{"count":2,"href":"https:\/\/ecolesaintemariesaintdivy.fr\/index.php?rest_route=\/wp\/v2\/posts\/9388\/revisions"}],"predecessor-version":[{"id":9397,"href":"https:\/\/ecolesaintemariesaintdivy.fr\/index.php?rest_route=\/wp\/v2\/posts\/9388\/revisions\/9397"}],"wp:featuredmedia":[{"embeddable":true,"href":"https:\/\/ecolesaintemariesaintdivy.fr\/index.php?rest_route=\/wp\/v2\/media\/9391"}],"wp:attachment":[{"href":"https:\/\/ecolesaintemariesaintdivy.fr\/index.php?rest_route=%2Fwp%2Fv2%2Fmedia&parent=9388"}],"wp:term":[{"taxonomy":"category","embeddable":true,"href":"https:\/\/ecolesaintemariesaintdivy.fr\/index.php?rest_route=%2Fwp%2Fv2%2Fcategories&post=9388"},{"taxonomy":"post_tag","embeddable":true,"href":"https:\/\/ecolesaintemariesaintdivy.fr\/index.php?rest_route=%2Fwp%2Fv2%2Ftags&post=9388"}],"curies":[{"name":"wp","href":"https:\/\/api.w.org\/{rel}","templated":true}]}}