{"id":9133,"date":"2025-05-07T18:20:12","date_gmt":"2025-05-07T16:20:12","guid":{"rendered":"http:\/\/ecolesaintemariesaintdivy.fr\/?p=9133"},"modified":"2025-05-07T18:20:13","modified_gmt":"2025-05-07T16:20:13","slug":"les-anniversaires-du-mois-davril-en-maternelle","status":"publish","type":"post","link":"https:\/\/ecolesaintemariesaintdivy.fr\/?p=9133","title":{"rendered":"LES ANNIVERSAIRES DU MOIS D&rsquo;AVRIL EN MATERNELLE"},"content":{"rendered":"\n<p>Th\u00e9o, Ayleen et Matt\u00e9o ont confectionn\u00e9 leur g\u00e2teau d&rsquo;anniversaire.<\/p>\n\n\n\n<figure class=\"wp-block-image size-large\"><img loading=\"lazy\" width=\"1024\" height=\"576\" src=\"https:\/\/ecolesaintemariesaintdivy.fr\/wp-content\/uploads\/2025\/05\/20250506_090307-1024x576.jpg\" alt=\"\" class=\"wp-image-9136\" srcset=\"https:\/\/ecolesaintemariesaintdivy.fr\/wp-content\/uploads\/2025\/05\/20250506_090307-980x551.jpg 980w, https:\/\/ecolesaintemariesaintdivy.fr\/wp-content\/uploads\/2025\/05\/20250506_090307-480x270.jpg 480w\" sizes=\"(min-width: 0px) and (max-width: 480px) 480px, (min-width: 481px) and (max-width: 980px) 980px, (min-width: 981px) 1024px, 100vw\" \/><\/figure>\n\n\n\n<figure class=\"wp-block-image size-large\"><img loading=\"lazy\" width=\"1024\" height=\"576\" src=\"https:\/\/ecolesaintemariesaintdivy.fr\/wp-content\/uploads\/2025\/05\/20250506_090308-1024x576.jpg\" alt=\"\" class=\"wp-image-9137\" srcset=\"https:\/\/ecolesaintemariesaintdivy.fr\/wp-content\/uploads\/2025\/05\/20250506_090308-980x551.jpg 980w, https:\/\/ecolesaintemariesaintdivy.fr\/wp-content\/uploads\/2025\/05\/20250506_090308-480x270.jpg 480w\" sizes=\"(min-width: 0px) and (max-width: 480px) 480px, (min-width: 481px) and (max-width: 980px) 980px, (min-width: 981px) 1024px, 100vw\" \/><\/figure>\n\n\n\n<figure class=\"wp-block-image size-large\"><img loading=\"lazy\" width=\"1024\" height=\"576\" src=\"https:\/\/ecolesaintemariesaintdivy.fr\/wp-content\/uploads\/2025\/05\/20250506_105717-1024x576.jpg\" alt=\"\" class=\"wp-image-9138\" srcset=\"https:\/\/ecolesaintemariesaintdivy.fr\/wp-content\/uploads\/2025\/05\/20250506_105717-980x551.jpg 980w, https:\/\/ecolesaintemariesaintdivy.fr\/wp-content\/uploads\/2025\/05\/20250506_105717-480x270.jpg 480w\" sizes=\"(min-width: 0px) and (max-width: 480px) 480px, (min-width: 481px) and (max-width: 980px) 980px, (min-width: 981px) 1024px, 100vw\" \/><\/figure>\n\n\n\n<p>Th\u00e9o a eu 3 ans, Ayleen a eu 4 ans et Matt\u00e9o a eu 5 ans.<\/p>\n","protected":false},"excerpt":{"rendered":"<p>Th\u00e9o, Ayleen et Matt\u00e9o ont confectionn\u00e9 leur g\u00e2teau d&rsquo;anniversaire. Th\u00e9o a eu 3 ans, Ayleen a eu 4 ans et Matt\u00e9o a eu 5 ans.<\/p>\n","protected":false},"author":3,"featured_media":9136,"comment_status":"closed","ping_status":"closed","sticky":false,"template":"","format":"standard","meta":{"_et_pb_use_builder":"","_et_pb_old_content":"","_et_gb_content_width":""},"categories":[1],"tags":[],"_links":{"self":[{"href":"https:\/\/ecolesaintemariesaintdivy.fr\/index.php?rest_route=\/wp\/v2\/posts\/9133"}],"collection":[{"href":"https:\/\/ecolesaintemariesaintdivy.fr\/index.php?rest_route=\/wp\/v2\/posts"}],"about":[{"href":"https:\/\/ecolesaintemariesaintdivy.fr\/index.php?rest_route=\/wp\/v2\/types\/post"}],"author":[{"embeddable":true,"href":"https:\/\/ecolesaintemariesaintdivy.fr\/index.php?rest_route=\/wp\/v2\/users\/3"}],"replies":[{"embeddable":true,"href":"https:\/\/ecolesaintemariesaintdivy.fr\/index.php?rest_route=%2Fwp%2Fv2%2Fcomments&post=9133"}],"version-history":[{"count":2,"href":"https:\/\/ecolesaintemariesaintdivy.fr\/index.php?rest_route=\/wp\/v2\/posts\/9133\/revisions"}],"predecessor-version":[{"id":9139,"href":"https:\/\/ecolesaintemariesaintdivy.fr\/index.php?rest_route=\/wp\/v2\/posts\/9133\/revisions\/9139"}],"wp:featuredmedia":[{"embeddable":true,"href":"https:\/\/ecolesaintemariesaintdivy.fr\/index.php?rest_route=\/wp\/v2\/media\/9136"}],"wp:attachment":[{"href":"https:\/\/ecolesaintemariesaintdivy.fr\/index.php?rest_route=%2Fwp%2Fv2%2Fmedia&parent=9133"}],"wp:term":[{"taxonomy":"category","embeddable":true,"href":"https:\/\/ecolesaintemariesaintdivy.fr\/index.php?rest_route=%2Fwp%2Fv2%2Fcategories&post=9133"},{"taxonomy":"post_tag","embeddable":true,"href":"https:\/\/ecolesaintemariesaintdivy.fr\/index.php?rest_route=%2Fwp%2Fv2%2Ftags&post=9133"}],"curies":[{"name":"wp","href":"https:\/\/api.w.org\/{rel}","templated":true}]}}