{"id":8802,"date":"2024-12-17T08:08:26","date_gmt":"2024-12-17T07:08:26","guid":{"rendered":"http:\/\/ecolesaintemariesaintdivy.fr\/?p=8802"},"modified":"2024-12-17T08:08:27","modified_gmt":"2024-12-17T07:08:27","slug":"premiere-visio-avec-nos-partenaires-grecs-et-espagnols","status":"publish","type":"post","link":"https:\/\/ecolesaintemariesaintdivy.fr\/?p=8802","title":{"rendered":"Premi\u00e8re visio avec nos partenaires grecs et espagnols !"},"content":{"rendered":"\n<figure class=\"wp-block-image size-large\"><img loading=\"lazy\" width=\"1024\" height=\"768\" src=\"https:\/\/ecolesaintemariesaintdivy.fr\/wp-content\/uploads\/2024\/12\/IMG_0161-1024x768.jpg\" alt=\"\" class=\"wp-image-8803\" srcset=\"https:\/\/ecolesaintemariesaintdivy.fr\/wp-content\/uploads\/2024\/12\/IMG_0161-980x735.jpg 980w, https:\/\/ecolesaintemariesaintdivy.fr\/wp-content\/uploads\/2024\/12\/IMG_0161-480x360.jpg 480w\" sizes=\"(min-width: 0px) and (max-width: 480px) 480px, (min-width: 481px) and (max-width: 980px) 980px, (min-width: 981px) 1024px, 100vw\" \/><\/figure>\n\n\n\n<figure class=\"wp-block-image size-large\"><img loading=\"lazy\" width=\"1024\" height=\"768\" src=\"https:\/\/ecolesaintemariesaintdivy.fr\/wp-content\/uploads\/2024\/12\/IMG_0162-1024x768.jpg\" alt=\"\" class=\"wp-image-8804\" srcset=\"https:\/\/ecolesaintemariesaintdivy.fr\/wp-content\/uploads\/2024\/12\/IMG_0162-980x735.jpg 980w, https:\/\/ecolesaintemariesaintdivy.fr\/wp-content\/uploads\/2024\/12\/IMG_0162-480x360.jpg 480w\" sizes=\"(min-width: 0px) and (max-width: 480px) 480px, (min-width: 481px) and (max-width: 980px) 980px, (min-width: 981px) 1024px, 100vw\" \/><\/figure>\n\n\n\n<p class=\"has-medium-font-size\">Ce lundi 16 d\u00e9cembre, apr\u00e8s avoir \u00e9chang\u00e9 des supports de pr\u00e9sentation sur nos traditions de No\u00ebl en France, Gr\u00e8ce et Espagne, nous avons particip\u00e9 \u00e0 une visio avec nos partenaires. 120 \u00e9l\u00e8ves de ces 3 pays \u00e9taient pr\u00e9sents lors de ce moment interactif sur la plateforme europ\u00e9enne du programme Erasmus. Nous avons communiqu\u00e9 en anglais pour pr\u00e9senter nos \u00e9tablissements, pour parler de No\u00ebl et nous avons tour \u00e0 tour chanter des canons de No\u00ebl dans nos langues respectives. <\/p>\n\n\n\n<p class=\"has-medium-font-size\">Nous avons pr\u00e9vu une deuxi\u00e8me visio au mois de janvier une fois que nous aurons re\u00e7u les cartes de voeux pr\u00e9par\u00e9es en classe. <\/p>\n\n\n\n<p class=\"has-medium-font-size\">L&rsquo;objectif essentiel de cet \u00e9change en direct est de comprendre la n\u00e9cessit\u00e9 de savoir communiquer en anglais avec des pairs \u00e9trangers. Nos \u00e9l\u00e8ves \u00e9taient un peu intimid\u00e9s et nous visons d&rsquo;\u00eatre de plus en plus \u00e0 l&rsquo;aise dans la communication par la suite. <\/p>\n\n\n\n<p class=\"has-medium-font-size\"><\/p>\n","protected":false},"excerpt":{"rendered":"<p>Ce lundi 16 d\u00e9cembre, apr\u00e8s avoir \u00e9chang\u00e9 des supports de pr\u00e9sentation sur nos traditions de No\u00ebl en France, Gr\u00e8ce et Espagne, nous avons particip\u00e9 \u00e0 une visio avec nos partenaires. 120 \u00e9l\u00e8ves de ces 3 pays \u00e9taient pr\u00e9sents lors de ce moment interactif sur la plateforme europ\u00e9enne du programme Erasmus. Nous avons communiqu\u00e9 en anglais [&hellip;]<\/p>\n","protected":false},"author":1,"featured_media":8803,"comment_status":"closed","ping_status":"closed","sticky":false,"template":"","format":"standard","meta":{"_et_pb_use_builder":"off","_et_pb_old_content":"","_et_gb_content_width":""},"categories":[6],"tags":[],"_links":{"self":[{"href":"https:\/\/ecolesaintemariesaintdivy.fr\/index.php?rest_route=\/wp\/v2\/posts\/8802"}],"collection":[{"href":"https:\/\/ecolesaintemariesaintdivy.fr\/index.php?rest_route=\/wp\/v2\/posts"}],"about":[{"href":"https:\/\/ecolesaintemariesaintdivy.fr\/index.php?rest_route=\/wp\/v2\/types\/post"}],"author":[{"embeddable":true,"href":"https:\/\/ecolesaintemariesaintdivy.fr\/index.php?rest_route=\/wp\/v2\/users\/1"}],"replies":[{"embeddable":true,"href":"https:\/\/ecolesaintemariesaintdivy.fr\/index.php?rest_route=%2Fwp%2Fv2%2Fcomments&post=8802"}],"version-history":[{"count":1,"href":"https:\/\/ecolesaintemariesaintdivy.fr\/index.php?rest_route=\/wp\/v2\/posts\/8802\/revisions"}],"predecessor-version":[{"id":8805,"href":"https:\/\/ecolesaintemariesaintdivy.fr\/index.php?rest_route=\/wp\/v2\/posts\/8802\/revisions\/8805"}],"wp:featuredmedia":[{"embeddable":true,"href":"https:\/\/ecolesaintemariesaintdivy.fr\/index.php?rest_route=\/wp\/v2\/media\/8803"}],"wp:attachment":[{"href":"https:\/\/ecolesaintemariesaintdivy.fr\/index.php?rest_route=%2Fwp%2Fv2%2Fmedia&parent=8802"}],"wp:term":[{"taxonomy":"category","embeddable":true,"href":"https:\/\/ecolesaintemariesaintdivy.fr\/index.php?rest_route=%2Fwp%2Fv2%2Fcategories&post=8802"},{"taxonomy":"post_tag","embeddable":true,"href":"https:\/\/ecolesaintemariesaintdivy.fr\/index.php?rest_route=%2Fwp%2Fv2%2Ftags&post=8802"}],"curies":[{"name":"wp","href":"https:\/\/api.w.org\/{rel}","templated":true}]}}