{"id":8681,"date":"2024-11-20T10:58:43","date_gmt":"2024-11-20T09:58:43","guid":{"rendered":"http:\/\/ecolesaintemariesaintdivy.fr\/?p=8681"},"modified":"2024-11-20T10:58:44","modified_gmt":"2024-11-20T09:58:44","slug":"spectacle-jmf-pierre-blanche-chat-noir-pour-les-cycle-2","status":"publish","type":"post","link":"https:\/\/ecolesaintemariesaintdivy.fr\/?p=8681","title":{"rendered":"Spectacle JMF Pierre Blanche, Chat Noir pour les cycle 2"},"content":{"rendered":"\n<figure class=\"wp-block-image size-large\"><img loading=\"lazy\" width=\"768\" height=\"1024\" src=\"http:\/\/ecolesaintemariesaintdivy.fr\/wp-content\/uploads\/2024\/11\/IMG_0052-768x1024.jpg\" alt=\"\" class=\"wp-image-8683\"\/><\/figure>\n\n\n\n<figure class=\"wp-block-image size-large\"><img loading=\"lazy\" width=\"768\" height=\"1024\" src=\"http:\/\/ecolesaintemariesaintdivy.fr\/wp-content\/uploads\/2024\/11\/IMG_0051-768x1024.jpg\" alt=\"\" class=\"wp-image-8684\"\/><\/figure>\n\n\n\n<figure class=\"wp-block-image size-large\"><img loading=\"lazy\" width=\"768\" height=\"1024\" src=\"http:\/\/ecolesaintemariesaintdivy.fr\/wp-content\/uploads\/2024\/11\/IMG_0053-1-768x1024.jpg\" alt=\"\" class=\"wp-image-8686\"\/><\/figure>\n\n\n\n<p class=\"has-medium-font-size\">Ce mardi 19 novembre, les \u00e9l\u00e8ves de cycle 2 ont assist\u00e9 au spectacle JMF Pierre Blanche, Chat Noir pr\u00e9sent\u00e9 par l&rsquo;incroyable conteur Luigi assist\u00e9 par ses partenaires musiciens Cyril et Julien. <\/p>\n\n\n\n<figure class=\"wp-block-image size-large\"><img loading=\"lazy\" width=\"1024\" height=\"389\" src=\"http:\/\/ecolesaintemariesaintdivy.fr\/wp-content\/uploads\/2024\/11\/PBCN2-1024x389.jpg\" alt=\"\" class=\"wp-image-8682\" srcset=\"http:\/\/ecolesaintemariesaintdivy.fr\/wp-content\/uploads\/2024\/11\/PBCN2-980x372.jpg 980w, http:\/\/ecolesaintemariesaintdivy.fr\/wp-content\/uploads\/2024\/11\/PBCN2-480x182.jpg 480w\" sizes=\"(min-width: 0px) and (max-width: 480px) 480px, (min-width: 481px) and (max-width: 980px) 980px, (min-width: 981px) 1024px, 100vw\" \/><\/figure>\n\n\n\n<p class=\"has-medium-font-size\">Les nombreux instruments ; la batterie, les percussions \u00e9lectroniques, la fl\u00fbte, le ukul\u00e9l\u00e9, la guitare \u00e9lectrique nous ont plong\u00e9 dans des ambiances musicales parfois douces parfois d\u00e9cha\u00een\u00e9es  qui ont intensifi\u00e9 notre imagination. <\/p>\n\n\n\n<p class=\"has-medium-font-size\">Les enfants ont \u00e9t\u00e9 emport\u00e9s par le r\u00e9cit, les personnages hauts en couleurs,et la musicalit\u00e9 :<\/p>\n\n\n\n<p class=\"has-medium-font-size\">Ethan : \u00ab\u00a0C&rsquo;\u00e9tait \u00e9poustouflant! \u00ab\u00a0, Susana : \u00ab\u00a0J&rsquo;ai ador\u00e9 !\u00a0\u00bb, ..<\/p>\n\n\n\n<p class=\"has-medium-font-size\">Le r\u00e9cit reprenait l&rsquo;histoire d&rsquo;une princesse maudite par un cyclope d\u00e8s sa naissance qui devait se d\u00e9passer et affronter des \u00e9preuves pour se lib\u00e9rer et lib\u00e9rer son royaume. <\/p>\n\n\n\n<p class=\"has-medium-font-size\">Parmi les beaux spectacles de qualit\u00e9 propos\u00e9s dans le cadre des JMF, il semblerait que celui-ci ait \u00e9t\u00e9 particuli\u00e8rement appr\u00e9ci\u00e9. <\/p>\n","protected":false},"excerpt":{"rendered":"<p>Ce mardi 19 novembre, les \u00e9l\u00e8ves de cycle 2 ont assist\u00e9 au spectacle JMF Pierre Blanche, Chat Noir pr\u00e9sent\u00e9 par l&rsquo;incroyable conteur Luigi assist\u00e9 par ses partenaires musiciens Cyril et Julien. Les nombreux instruments ; la batterie, les percussions \u00e9lectroniques, la fl\u00fbte, le ukul\u00e9l\u00e9, la guitare \u00e9lectrique nous ont plong\u00e9 dans des ambiances musicales parfois [&hellip;]<\/p>\n","protected":false},"author":1,"featured_media":8682,"comment_status":"closed","ping_status":"closed","sticky":false,"template":"","format":"standard","meta":{"_et_pb_use_builder":"off","_et_pb_old_content":"","_et_gb_content_width":""},"categories":[5],"tags":[],"_links":{"self":[{"href":"https:\/\/ecolesaintemariesaintdivy.fr\/index.php?rest_route=\/wp\/v2\/posts\/8681"}],"collection":[{"href":"https:\/\/ecolesaintemariesaintdivy.fr\/index.php?rest_route=\/wp\/v2\/posts"}],"about":[{"href":"https:\/\/ecolesaintemariesaintdivy.fr\/index.php?rest_route=\/wp\/v2\/types\/post"}],"author":[{"embeddable":true,"href":"https:\/\/ecolesaintemariesaintdivy.fr\/index.php?rest_route=\/wp\/v2\/users\/1"}],"replies":[{"embeddable":true,"href":"https:\/\/ecolesaintemariesaintdivy.fr\/index.php?rest_route=%2Fwp%2Fv2%2Fcomments&post=8681"}],"version-history":[{"count":1,"href":"https:\/\/ecolesaintemariesaintdivy.fr\/index.php?rest_route=\/wp\/v2\/posts\/8681\/revisions"}],"predecessor-version":[{"id":8687,"href":"https:\/\/ecolesaintemariesaintdivy.fr\/index.php?rest_route=\/wp\/v2\/posts\/8681\/revisions\/8687"}],"wp:featuredmedia":[{"embeddable":true,"href":"https:\/\/ecolesaintemariesaintdivy.fr\/index.php?rest_route=\/wp\/v2\/media\/8682"}],"wp:attachment":[{"href":"https:\/\/ecolesaintemariesaintdivy.fr\/index.php?rest_route=%2Fwp%2Fv2%2Fmedia&parent=8681"}],"wp:term":[{"taxonomy":"category","embeddable":true,"href":"https:\/\/ecolesaintemariesaintdivy.fr\/index.php?rest_route=%2Fwp%2Fv2%2Fcategories&post=8681"},{"taxonomy":"post_tag","embeddable":true,"href":"https:\/\/ecolesaintemariesaintdivy.fr\/index.php?rest_route=%2Fwp%2Fv2%2Ftags&post=8681"}],"curies":[{"name":"wp","href":"https:\/\/api.w.org\/{rel}","templated":true}]}}