{"id":8136,"date":"2024-07-01T13:05:42","date_gmt":"2024-07-01T11:05:42","guid":{"rendered":"http:\/\/ecolesaintemariesaintdivy.fr\/?p=8136"},"modified":"2024-07-02T08:09:11","modified_gmt":"2024-07-02T06:09:11","slug":"la-kermesse-2","status":"publish","type":"post","link":"https:\/\/ecolesaintemariesaintdivy.fr\/?p=8136","title":{"rendered":"La kermesse !"},"content":{"rendered":"\n<p class=\"has-medium-font-size\">La grande f\u00eate de notre \u00e9cole a eu lieu dimanche 30 juin. Petits et grands ont perform\u00e9 sur des chants et danses bretonnes. Joie, ambiance, couleurs et sourires \u00e9taient au rendez-vous ! Les enfants \u00e9taient accompagn\u00e9s durant le spectacle par Val\u00e9rie et Corentin ainsi que par l&rsquo;ensemble traditionnel de Landerneau.  Circuit de tracteurs, d\u00e9fi foot, Jardin de Marie, Grenier de Marie, l&rsquo;atelier d&rsquo;arts cr\u00e9atifs, le stand de tatouages, Au feu les pompiers, la p\u00eache \u00e0 la ligne, le stand gourmandises-buvette ont ravi le public nombreux pour l&rsquo;occasion. Merci \u00e0 l&rsquo;APEL pour toute l&rsquo;\u00e9nergie engag\u00e9e dans ces grands pr\u00e9paratifs et qui a assur\u00e9 le succ\u00e8s de l&rsquo;\u00e9v\u00e9nement. <\/p>\n\n\n\n<figure class=\"wp-block-image size-large\"><img loading=\"lazy\" width=\"1024\" height=\"768\" src=\"https:\/\/ecolesaintemariesaintdivy.fr\/wp-content\/uploads\/2024\/07\/PHOTO-2024-07-01-21-40-12-1024x768.jpg\" alt=\"\" class=\"wp-image-8173\" srcset=\"https:\/\/ecolesaintemariesaintdivy.fr\/wp-content\/uploads\/2024\/07\/PHOTO-2024-07-01-21-40-12-980x735.jpg 980w, https:\/\/ecolesaintemariesaintdivy.fr\/wp-content\/uploads\/2024\/07\/PHOTO-2024-07-01-21-40-12-480x360.jpg 480w\" sizes=\"(min-width: 0px) and (max-width: 480px) 480px, (min-width: 481px) and (max-width: 980px) 980px, (min-width: 981px) 1024px, 100vw\" \/><\/figure>\n\n\n\n<figure class=\"wp-block-image size-large\"><img loading=\"lazy\" width=\"1024\" height=\"768\" src=\"https:\/\/ecolesaintemariesaintdivy.fr\/wp-content\/uploads\/2024\/07\/1000022059-1024x768.jpg\" alt=\"\" class=\"wp-image-8137\" srcset=\"https:\/\/ecolesaintemariesaintdivy.fr\/wp-content\/uploads\/2024\/07\/1000022059-980x735.jpg 980w, https:\/\/ecolesaintemariesaintdivy.fr\/wp-content\/uploads\/2024\/07\/1000022059-480x360.jpg 480w\" sizes=\"(min-width: 0px) and (max-width: 480px) 480px, (min-width: 481px) and (max-width: 980px) 980px, (min-width: 981px) 1024px, 100vw\" \/><\/figure>\n\n\n\n<figure class=\"wp-block-image size-large\"><img loading=\"lazy\" width=\"1024\" height=\"768\" src=\"https:\/\/ecolesaintemariesaintdivy.fr\/wp-content\/uploads\/2024\/07\/1000022037-1024x768.jpg\" alt=\"\" class=\"wp-image-8138\" srcset=\"https:\/\/ecolesaintemariesaintdivy.fr\/wp-content\/uploads\/2024\/07\/1000022037-980x735.jpg 980w, https:\/\/ecolesaintemariesaintdivy.fr\/wp-content\/uploads\/2024\/07\/1000022037-480x360.jpg 480w\" sizes=\"(min-width: 0px) and (max-width: 480px) 480px, (min-width: 481px) and (max-width: 980px) 980px, (min-width: 981px) 1024px, 100vw\" \/><\/figure>\n\n\n\n<figure class=\"wp-block-image size-large\"><img loading=\"lazy\" width=\"1024\" height=\"768\" src=\"https:\/\/ecolesaintemariesaintdivy.fr\/wp-content\/uploads\/2024\/07\/1000022113-1024x768.jpg\" alt=\"\" class=\"wp-image-8139\" srcset=\"https:\/\/ecolesaintemariesaintdivy.fr\/wp-content\/uploads\/2024\/07\/1000022113-980x735.jpg 980w, https:\/\/ecolesaintemariesaintdivy.fr\/wp-content\/uploads\/2024\/07\/1000022113-480x360.jpg 480w\" sizes=\"(min-width: 0px) and (max-width: 480px) 480px, (min-width: 481px) and (max-width: 980px) 980px, (min-width: 981px) 1024px, 100vw\" \/><\/figure>\n\n\n\n<figure class=\"wp-block-image size-large\"><img loading=\"lazy\" width=\"1024\" height=\"768\" src=\"https:\/\/ecolesaintemariesaintdivy.fr\/wp-content\/uploads\/2024\/07\/1000022085-1024x768.jpg\" alt=\"\" class=\"wp-image-8140\" srcset=\"https:\/\/ecolesaintemariesaintdivy.fr\/wp-content\/uploads\/2024\/07\/1000022085-980x735.jpg 980w, https:\/\/ecolesaintemariesaintdivy.fr\/wp-content\/uploads\/2024\/07\/1000022085-480x360.jpg 480w\" sizes=\"(min-width: 0px) and (max-width: 480px) 480px, (min-width: 481px) and (max-width: 980px) 980px, (min-width: 981px) 1024px, 100vw\" \/><\/figure>\n\n\n\n<figure class=\"wp-block-video\"><video controls src=\"https:\/\/ecolesaintemariesaintdivy.fr\/wp-content\/uploads\/2024\/07\/video000000.mp4\"><\/video><\/figure>\n","protected":false},"excerpt":{"rendered":"<p>La grande f\u00eate de notre \u00e9cole a eu lieu dimanche 30 juin. Petits et grands ont perform\u00e9 sur des chants et danses bretonnes. Joie, ambiance, couleurs et sourires \u00e9taient au rendez-vous ! Les enfants \u00e9taient accompagn\u00e9s durant le spectacle par Val\u00e9rie et Corentin ainsi que par l&rsquo;ensemble traditionnel de Landerneau. Circuit de tracteurs, d\u00e9fi foot, [&hellip;]<\/p>\n","protected":false},"author":1,"featured_media":8138,"comment_status":"closed","ping_status":"closed","sticky":false,"template":"","format":"standard","meta":{"_et_pb_use_builder":"off","_et_pb_old_content":"","_et_gb_content_width":""},"categories":[1],"tags":[],"_links":{"self":[{"href":"https:\/\/ecolesaintemariesaintdivy.fr\/index.php?rest_route=\/wp\/v2\/posts\/8136"}],"collection":[{"href":"https:\/\/ecolesaintemariesaintdivy.fr\/index.php?rest_route=\/wp\/v2\/posts"}],"about":[{"href":"https:\/\/ecolesaintemariesaintdivy.fr\/index.php?rest_route=\/wp\/v2\/types\/post"}],"author":[{"embeddable":true,"href":"https:\/\/ecolesaintemariesaintdivy.fr\/index.php?rest_route=\/wp\/v2\/users\/1"}],"replies":[{"embeddable":true,"href":"https:\/\/ecolesaintemariesaintdivy.fr\/index.php?rest_route=%2Fwp%2Fv2%2Fcomments&post=8136"}],"version-history":[{"count":4,"href":"https:\/\/ecolesaintemariesaintdivy.fr\/index.php?rest_route=\/wp\/v2\/posts\/8136\/revisions"}],"predecessor-version":[{"id":8174,"href":"https:\/\/ecolesaintemariesaintdivy.fr\/index.php?rest_route=\/wp\/v2\/posts\/8136\/revisions\/8174"}],"wp:featuredmedia":[{"embeddable":true,"href":"https:\/\/ecolesaintemariesaintdivy.fr\/index.php?rest_route=\/wp\/v2\/media\/8138"}],"wp:attachment":[{"href":"https:\/\/ecolesaintemariesaintdivy.fr\/index.php?rest_route=%2Fwp%2Fv2%2Fmedia&parent=8136"}],"wp:term":[{"taxonomy":"category","embeddable":true,"href":"https:\/\/ecolesaintemariesaintdivy.fr\/index.php?rest_route=%2Fwp%2Fv2%2Fcategories&post=8136"},{"taxonomy":"post_tag","embeddable":true,"href":"https:\/\/ecolesaintemariesaintdivy.fr\/index.php?rest_route=%2Fwp%2Fv2%2Ftags&post=8136"}],"curies":[{"name":"wp","href":"https:\/\/api.w.org\/{rel}","templated":true}]}}