{"id":8106,"date":"2024-06-27T16:09:01","date_gmt":"2024-06-27T14:09:01","guid":{"rendered":"http:\/\/ecolesaintemariesaintdivy.fr\/?p=8106"},"modified":"2024-06-27T16:09:01","modified_gmt":"2024-06-27T14:09:01","slug":"les-cycle-2-diplomes-du-quizz-europeen-2024","status":"publish","type":"post","link":"https:\/\/ecolesaintemariesaintdivy.fr\/?p=8106","title":{"rendered":"Les Cycle 2 dipl\u00f4m\u00e9s du Quizz Europ\u00e9en 2024 !"},"content":{"rendered":"\n<figure class=\"wp-block-image size-large\"><img loading=\"lazy\" width=\"1024\" height=\"724\" src=\"https:\/\/ecolesaintemariesaintdivy.fr\/wp-content\/uploads\/2024\/06\/Quizz-Europeen-primaire-Saint-Divy-1024x724.png\" alt=\"\" class=\"wp-image-8107\" srcset=\"https:\/\/ecolesaintemariesaintdivy.fr\/wp-content\/uploads\/2024\/06\/Quizz-Europeen-primaire-Saint-Divy-980x693.png 980w, https:\/\/ecolesaintemariesaintdivy.fr\/wp-content\/uploads\/2024\/06\/Quizz-Europeen-primaire-Saint-Divy-480x339.png 480w\" sizes=\"(min-width: 0px) and (max-width: 480px) 480px, (min-width: 481px) and (max-width: 980px) 980px, (min-width: 981px) 1024px, 100vw\" \/><\/figure>\n\n\n\n<p class=\"has-medium-font-size\">Les Cycle 2 ont particip\u00e9 le vendredi 7 juin \u00e0 un quizz en ligne sur leurs connaissances de l&rsquo;Europe, de ses symboles et institutions. Au vu de leurs r\u00e9sultats la DDEC29 leur a d\u00e9cern\u00e9 ce jour un dipl\u00f4me.  Bravo les champions !!!!!<\/p>\n","protected":false},"excerpt":{"rendered":"<p>Les Cycle 2 ont particip\u00e9 le vendredi 7 juin \u00e0 un quizz en ligne sur leurs connaissances de l&rsquo;Europe, de ses symboles et institutions. Au vu de leurs r\u00e9sultats la DDEC29 leur a d\u00e9cern\u00e9 ce jour un dipl\u00f4me. Bravo les champions !!!!!<\/p>\n","protected":false},"author":1,"featured_media":8107,"comment_status":"closed","ping_status":"closed","sticky":false,"template":"","format":"standard","meta":{"_et_pb_use_builder":"off","_et_pb_old_content":"","_et_gb_content_width":""},"categories":[1],"tags":[],"_links":{"self":[{"href":"https:\/\/ecolesaintemariesaintdivy.fr\/index.php?rest_route=\/wp\/v2\/posts\/8106"}],"collection":[{"href":"https:\/\/ecolesaintemariesaintdivy.fr\/index.php?rest_route=\/wp\/v2\/posts"}],"about":[{"href":"https:\/\/ecolesaintemariesaintdivy.fr\/index.php?rest_route=\/wp\/v2\/types\/post"}],"author":[{"embeddable":true,"href":"https:\/\/ecolesaintemariesaintdivy.fr\/index.php?rest_route=\/wp\/v2\/users\/1"}],"replies":[{"embeddable":true,"href":"https:\/\/ecolesaintemariesaintdivy.fr\/index.php?rest_route=%2Fwp%2Fv2%2Fcomments&post=8106"}],"version-history":[{"count":1,"href":"https:\/\/ecolesaintemariesaintdivy.fr\/index.php?rest_route=\/wp\/v2\/posts\/8106\/revisions"}],"predecessor-version":[{"id":8108,"href":"https:\/\/ecolesaintemariesaintdivy.fr\/index.php?rest_route=\/wp\/v2\/posts\/8106\/revisions\/8108"}],"wp:featuredmedia":[{"embeddable":true,"href":"https:\/\/ecolesaintemariesaintdivy.fr\/index.php?rest_route=\/wp\/v2\/media\/8107"}],"wp:attachment":[{"href":"https:\/\/ecolesaintemariesaintdivy.fr\/index.php?rest_route=%2Fwp%2Fv2%2Fmedia&parent=8106"}],"wp:term":[{"taxonomy":"category","embeddable":true,"href":"https:\/\/ecolesaintemariesaintdivy.fr\/index.php?rest_route=%2Fwp%2Fv2%2Fcategories&post=8106"},{"taxonomy":"post_tag","embeddable":true,"href":"https:\/\/ecolesaintemariesaintdivy.fr\/index.php?rest_route=%2Fwp%2Fv2%2Ftags&post=8106"}],"curies":[{"name":"wp","href":"https:\/\/api.w.org\/{rel}","templated":true}]}}