{"id":8102,"date":"2024-06-27T09:37:41","date_gmt":"2024-06-27T07:37:41","guid":{"rendered":"http:\/\/ecolesaintemariesaintdivy.fr\/?p=8102"},"modified":"2024-06-27T09:37:41","modified_gmt":"2024-06-27T07:37:41","slug":"recherche-volontaire-en-service-civique-2024-2025","status":"publish","type":"post","link":"https:\/\/ecolesaintemariesaintdivy.fr\/?p=8102","title":{"rendered":"Recherche Volontaire en Service Civique 2024-2025"},"content":{"rendered":"\n<figure class=\"wp-block-image size-large\"><img loading=\"lazy\" width=\"900\" height=\"450\" src=\"https:\/\/ecolesaintemariesaintdivy.fr\/wp-content\/uploads\/2024\/06\/Service-civique-2.jpg\" alt=\"\" class=\"wp-image-8104\" srcset=\"https:\/\/ecolesaintemariesaintdivy.fr\/wp-content\/uploads\/2024\/06\/Service-civique-2.jpg 900w, https:\/\/ecolesaintemariesaintdivy.fr\/wp-content\/uploads\/2024\/06\/Service-civique-2-480x240.jpg 480w\" sizes=\"(min-width: 0px) and (max-width: 480px) 480px, (min-width: 481px) 900px, 100vw\" \/><\/figure>\n\n\n\n<p class=\"has-medium-font-size\">Nous recherchons un volontaire en Service Civique afin d&rsquo;enrichir nos activit\u00e9s en lien avec l&rsquo;ouverture \u00e0 l&rsquo;international. <\/p>\n\n\n\n<p class=\"has-medium-font-size\">Voici l&rsquo;offre du poste \u00e0 pourvoir :<\/p>\n\n\n\n<p class=\"has-medium-font-size\">Axe de mission du projet : D\u00e9veloppement \u00e0 l&rsquo;international<\/p>\n\n\n\n<p class=\"has-medium-font-size\">Objectif de la mission : A l&rsquo;initiative et en soutien des enseignants, d\u00e9velopper les projets E-Twinning pour permettre \u00e0 chaque \u00e9l\u00e8ve de s&rsquo;ouvrir \u00e0 d&rsquo;autres cultures et partager des exp\u00e9riences, des apprentissages en commun avec d&rsquo;autres \u00e9l\u00e8ves d&rsquo;\u00e9coles europ\u00e9ennes. Cela leur permettra de d\u00e9velopper leurs comp\u00e9tences linguistiques et culturelles, celles de communication et leur conscience de citoyennet\u00e9 europ\u00e9enne. Cette mission s&rsquo;ins\u00e8re dans un projet collectif, au service de tous les \u00e9l\u00e8ves de la TPS au CM2. Elle a pour but de promouvoir les projets d&rsquo;Ouverture \u00e0 l&rsquo;International qui se vivent d\u00e9j\u00e0 dans notre \u00e9tablissement et que nous voulons enrichir davantage au service des \u00e9l\u00e8ves. <\/p>\n\n\n\n<p class=\"has-medium-font-size\">La mission se d\u00e9roulera du 04\/11\/2024 au 03\/07\/2025 et aura une dur\u00e9e hebdomadaire de 24h\/semaine.<\/p>\n\n\n\n<p><\/p>\n\n\n\n<p class=\"has-medium-font-size\">Si vous \u00eates int\u00e9ress\u00e9 par cette offre de mission, <\/p>\n\n\n\n<p class=\"has-medium-font-size\">vous pouvez directement postuler sur le site du Service Civique : <\/p>\n\n\n\n<p class=\"has-vivid-cyan-blue-color has-text-color has-medium-font-size\">https:\/\/www.service-civique.gouv.fr\/<\/p>\n\n\n\n<p class=\"has-medium-font-size\">ou contacter l&rsquo;\u00e9tablissement au 02 98 20 20 97 ou ecolesaintemarie@wanadoo.fr<\/p>\n","protected":false},"excerpt":{"rendered":"<p>Nous recherchons un volontaire en Service Civique afin d&rsquo;enrichir nos activit\u00e9s en lien avec l&rsquo;ouverture \u00e0 l&rsquo;international. Voici l&rsquo;offre du poste \u00e0 pourvoir : Axe de mission du projet : D\u00e9veloppement \u00e0 l&rsquo;international Objectif de la mission : A l&rsquo;initiative et en soutien des enseignants, d\u00e9velopper les projets E-Twinning pour permettre \u00e0 chaque \u00e9l\u00e8ve de [&hellip;]<\/p>\n","protected":false},"author":1,"featured_media":8104,"comment_status":"closed","ping_status":"closed","sticky":false,"template":"","format":"standard","meta":{"_et_pb_use_builder":"off","_et_pb_old_content":"","_et_gb_content_width":""},"categories":[6],"tags":[],"_links":{"self":[{"href":"https:\/\/ecolesaintemariesaintdivy.fr\/index.php?rest_route=\/wp\/v2\/posts\/8102"}],"collection":[{"href":"https:\/\/ecolesaintemariesaintdivy.fr\/index.php?rest_route=\/wp\/v2\/posts"}],"about":[{"href":"https:\/\/ecolesaintemariesaintdivy.fr\/index.php?rest_route=\/wp\/v2\/types\/post"}],"author":[{"embeddable":true,"href":"https:\/\/ecolesaintemariesaintdivy.fr\/index.php?rest_route=\/wp\/v2\/users\/1"}],"replies":[{"embeddable":true,"href":"https:\/\/ecolesaintemariesaintdivy.fr\/index.php?rest_route=%2Fwp%2Fv2%2Fcomments&post=8102"}],"version-history":[{"count":1,"href":"https:\/\/ecolesaintemariesaintdivy.fr\/index.php?rest_route=\/wp\/v2\/posts\/8102\/revisions"}],"predecessor-version":[{"id":8105,"href":"https:\/\/ecolesaintemariesaintdivy.fr\/index.php?rest_route=\/wp\/v2\/posts\/8102\/revisions\/8105"}],"wp:featuredmedia":[{"embeddable":true,"href":"https:\/\/ecolesaintemariesaintdivy.fr\/index.php?rest_route=\/wp\/v2\/media\/8104"}],"wp:attachment":[{"href":"https:\/\/ecolesaintemariesaintdivy.fr\/index.php?rest_route=%2Fwp%2Fv2%2Fmedia&parent=8102"}],"wp:term":[{"taxonomy":"category","embeddable":true,"href":"https:\/\/ecolesaintemariesaintdivy.fr\/index.php?rest_route=%2Fwp%2Fv2%2Fcategories&post=8102"},{"taxonomy":"post_tag","embeddable":true,"href":"https:\/\/ecolesaintemariesaintdivy.fr\/index.php?rest_route=%2Fwp%2Fv2%2Ftags&post=8102"}],"curies":[{"name":"wp","href":"https:\/\/api.w.org\/{rel}","templated":true}]}}