{"id":7783,"date":"2024-02-28T11:56:20","date_gmt":"2024-02-28T10:56:20","guid":{"rendered":"http:\/\/ecolesaintemariesaintdivy.fr\/?p=7783"},"modified":"2024-02-28T11:56:21","modified_gmt":"2024-02-28T10:56:21","slug":"la-production-decrit-des-cycle-2-au-concours-decriture-on-va-en-faire-toute-une-histoire","status":"publish","type":"post","link":"https:\/\/ecolesaintemariesaintdivy.fr\/?p=7783","title":{"rendered":"La production d&rsquo;\u00e9crit des Cycle 2 au Concours d&rsquo;Ecriture \u00ab\u00a0On va en faire toute une histoire !\u00a0\u00bb"},"content":{"rendered":"\n<figure class=\"wp-block-image\"><img src=\"https:\/\/concours-ecriture.ouest-france.fr\/images\/2023-2024\/header.jpg\" alt=\"\"\/><\/figure>\n\n\n\n<p class=\"has-normal-font-size\">Voici notre production d&rsquo;\u00e9crit collective pour ce concours d&rsquo;\u00e9criture qui nous a pris 6 s\u00e9ances. Nous avions pour imp\u00e9ratifs de r\u00e9diger la suite de l&rsquo;introduction \u00e9crite par Aur\u00e9lie Valognes, marraine de l&rsquo;\u00e9dition 2024, de bien respecter le th\u00e8me du concours \u00ab\u00a0Un pour Tous, Tous pour Un\u00a0\u00bb, et de ne pas d\u00e9passer 5000 caract\u00e8res.  Nous aurons un retour de Concours d&rsquo;\u00e9criture r\u00e9gional courant mai.<\/p>\n\n\n\n<p class=\"has-normal-font-size\">L&rsquo;imagination des Cycle2 les a emport\u00e9s vers l&rsquo;\u00e9l\u00e9ment aquatique:)) Port\u00e9s par leur exp\u00e9riences personnelles et leur cr\u00e9ativit\u00e9 ainsi qu&rsquo;aid\u00e9s par quelques ressources documentaires d\u00e9couvertes en classe, les \u00e9l\u00e8ves ont propos\u00e9 des id\u00e9es, des \u00e9tapes, des formulations qu&rsquo;il leur a fallu valider collectivement \u00e0 chaque fois. Cela a exig\u00e9 de d\u00e9finir les \u00e9tapes d&rsquo;un r\u00e9cit, et aussi de mettre en oeuvre des comp\u00e9tences de coop\u00e9ration. Bonne lecture !<\/p>\n\n\n\n<p class=\"has-small-font-size\">Je m \u2019appelle Camille, j\u2019ai 10 ans et vraiment dans m a vie tout va bien. J\u2019ai un papa, une maman, un fr\u00e8re et une s\u0153ur, j\u2019ai<br>m\u00eame un chien ! Mon fr\u00e8re et m a s\u0153ur jouent tout le temps avec les voisins, et ils m e laissent bien tranquille. Papa et maman,<br>ils sont toujours occup\u00e9s ensemble. Alors vraiment je n\u2019ai pas \u00e0 m e plaindre, je suis vraiment tr\u00e8s tranquille.<br>\u00catre tranquille, \u00e7a m e laisse le temps de r\u00eavasser. D\u2019\u00eatre la t\u00eate dans les nuages, com m e dit Mam an. Et quand je r\u00eave<br>vraiment, je vois\u2026<br>Je vois tellement de choses. Un podium . Une m\u00e9daille autour de m on cou. Et les larmes dans les yeux de m a m \u00e8re. Oui, tout<br>cela je le vois. Je l\u2019imagine, surtout.<br>Si j\u2019avais un ami ou un adulte \u00e0 qui parler, je lui dirais m on secret. Mais je ne peux le dire \u00e0 personne. Je ne peux que l\u2019\u00e9crire ici.<br>Si j\u2019avais un super-pouvoir, ce ne serait pas celui de voler. Non. Ni celui de parler la langue des animaux. Pourtant j\u2019adorerais !<br>Non, m on r\u00eave, ce serait d\u2019\u00eatre un enfant normal.<br>Un enfant qui n\u2019entendrait pas \u00e0 longueur de journ\u00e9e : \u00ab Fais attention \u00e0 ne pas te faire m al, Cam ille \u00bb; \u00ab Non, laisse, je vais le<br>faire \u00e0 ta place, Camille \u00bb. \u00ab Reste tranquille, Camille. \u00bb<br>Mais j\u2019en ai marre, moi ! Marre de devoir rester tranquille ! Je ne suis pas fragile, je ne suis pas une demi-personne, pas un b\u00e9b\u00e9.<br>Je suis quelqu\u2019un. Quelqu\u2019un qui compte. Quelqu\u2019un qui a des r\u00eaves. Quelqu\u2019un qui, un jour, malgr\u00e9 tout ce que les autres<br>pensent, malgr\u00e9 m on handicap pas si invisible, montera sur la premi\u00e8re m arche du podium des Jeux Olym piques. Et ils verront<br>de quel bois je m e chauffe ! De quel m \u00e9tal sont faits m es r\u00eaves !<br>Parce que l\u2019important n\u2019est pas de participer, M. de Coubertin. Mais d\u2019essayer ! Et impossible n\u2019est pas Camille !<\/p>\n\n\n\n<p>&#8212;&#8212;&#8212;&#8212;&#8212;&#8212;&#8212;&#8212;&#8212;&#8212;&#8212;&#8212;&#8212;&#8212;&#8212;&#8212;- notre production collective :  &#8212;&#8212;&#8212;&#8212;&#8212;&#8212;&#8212;&#8212;&#8212;&#8212;&#8212;&#8212;&#8212;-<\/p>\n\n\n\n<p><br>\u00ab\u00a0Depuis peu, j&rsquo;ai d\u00e9couvert ce qui me donne envie de me surpasser : la natation synchronis\u00e9e ! C&rsquo;est la seule<br>activit\u00e9 que mes parents m&rsquo;autorisent. Depuis que je suis toute petite, je sens qu&rsquo;ils veulent me prot\u00e9ger bien<br>plus que mon fr\u00e8re et ma s\u0153ur \u00e0 cause de la choro\u00efd\u00e9r\u00e9mie, une maladie g\u00e9n\u00e9tique d\u00e9g\u00e9n\u00e9rative qui m&rsquo;a<br>rendue malvoyante. En plus, suite \u00e0 un accident de la route, je dois porter un \u0153il de verre..<br>Au d\u00e9but, j&rsquo;allais \u00e0 la piscine juste pour y apprendre \u00e0 nager. Les entra\u00eenements avaient lieu tous les mercredis<br>et samedis. J&rsquo;ai de suite ador\u00e9 ! Je me sentais tellement libre dans l&rsquo;eau sans vraiment \u00eatre g\u00ean\u00e9e par mon<br>handicap. Pour prot\u00e9ger ma proth\u00e8se oculaire, il me suffisait de porter mes lunettes de piscine, et alors, j&rsquo;\u00e9tais<br>comme les autres enfants. Il y avait une autre petite fille, L\u00e9a, avec qui je me suis entendue de suite. Elle m&rsquo;a<br>appris des petites chor\u00e9graphies aquatiques que nous avions plaisir \u00e0 reproduire. Avec ses instructions<br>orales et toutes les sensations que je ressentais dans l&rsquo;eau, j&rsquo;arrivais \u00e0 la suivre. Nous \u00e9tions tellement<br>contentes \u00e0 la fin du cours de pr\u00e9senter notre petit spectacle \u00e0 notre entra\u00eeneur et aux autres camarades!<br>Mon entra\u00eeneur Axel voyant mes progr\u00e8s et mon bien-\u00eatre m&rsquo;a propos\u00e9 de rejoindre un groupe de 5 filles qu&rsquo;il<br>entra\u00eenait pour faire de la natation synchronis\u00e9e. Ces petites filles partageaient la m\u00eame difficult\u00e9 que moi : elles<br>portaient elles-aussi un handicap. Mes parents ont accept\u00e9. Depuis le d\u00e9but, ils voyaient bien que je<br>m&rsquo;\u00e9panouissais de plus en plus. Ainsi Pauline, Manel, Romane, Emma, Lia et moi faisons \u00e9quipe. Entre nous, le<br>courant est pass\u00e9 imm\u00e9diatement. Moi qui me sentais tellement seule avant, je me sens entour\u00e9e et forte d&rsquo;\u00eatre<br>avec des copines qui ont la m\u00eame passion. Entre nous, il n&rsquo;y a jamais de jugement. Notre bonne entente nous<br>permet d&rsquo;apprendre ensemble, \u00e0 nous encourager et \u00e0 donner le meilleur de nous-m\u00eames. Nos entra\u00eenements<br>sont ritualis\u00e9s : un temps de musculation dans la salle de sport puis des exercices dans l&rsquo;eau pour apprendre<br>le coupe-coupe puis l&rsquo;encha\u00eenement de quelques postures ensemble. Sous la voix forte de Axel, nous<br>essayons de nous coordonner. J&rsquo;adore les efforts que cette discipline demande : le gainage, l&rsquo;apn\u00e9e, pouvoir<br>\u00e9voluer dans tous les sens et toutes les dimensions, bouger, sourire et j&rsquo;adore aussi \u00e9videmment mon \u00e9quipe:<br>c&rsquo;est fou ce que l&rsquo;on se sent fortes ensemble ! J&rsquo;apprends tellement :l&rsquo;entraide, le soutien, la pers\u00e9v\u00e9rance, le<br>perfectionnisme.<br>De semaines en semaines, nous pr\u00e9parons un spectacle. La date arrive enfin. Mon \u00e9quipe et moi avons<br>\u00e9nergiquement pr\u00e9par\u00e9 notre tableau. Pour l&rsquo;occasion, mes parents, mon fr\u00e8re, ma s\u0153ur, m\u00eame ma tante<br>viennent offrir leurs encouragements. Je suis un peu stress\u00e9e avant de rentrer dans le bassin sous le regard<br>de Tata Virginie car c&rsquo;est une ancienne championne de natation synchronis\u00e9e. Elle a particip\u00e9 aux J. O. de<br>Sydney en 2000. Finalement le spectacle se d\u00e9roule \u00e0 merveille ! Toutes les six, nous sortons de l&rsquo;eau sous un<br>tonnerre d&rsquo;applaudissements. J&rsquo;entends les fiers encouragements de mes parents. Plus tard dans la soir\u00e9e, je<br>vois ma tante s&rsquo;entretenir avec Axel. Quelle surprise de la voir \u00e0 l&rsquo;entra\u00eenement qui suit ! Epat\u00e9e par notre<br>repr\u00e9sentation et consciente de notre potentiel, elle a convaincu Axel de venir compl\u00e9ter notre formation.<br>A partir de l\u00e0, l&rsquo;entra\u00eenement s&rsquo;intensifie : de 2 nous sommes pass\u00e9s \u00e0 4 entra\u00eenements semaine. C&rsquo;est plut\u00f4t<br>\u00e9prouvant mais l&rsquo;envie de performer nous permet de progresser. A tel point que Tata nous inscrit \u00e0 notre<br>premi\u00e8re comp\u00e9tition. Nous sommes toutes les six agit\u00e9es. Nous choisissons ensemble notre musique, notre<br>maillot de bain, les \u00e9tapes de la chor\u00e9graphie, nous nous appliquons encore plus dans nos exercices de<br>souplesse et de musculation. Ainsi, nous allons concourir \u00e0 Brest contre 5 autres \u00e9quipes. Sous les conseils<br>des coachs, nous rentrons dans notre bulle de concentration et nous r\u00e9ussissons parfaitement notre<br>pr\u00e9sentation tant de fois r\u00e9p\u00e9t\u00e9e. Nous obtenons de loin la meilleure note en technique et aussi en impression<br>artistique. Victoire ! Nous remportons la premi\u00e8re place ! Nous montons sur la premi\u00e8re marche du podium !<br>Ensemble, nous tendons le cou pour recevoir notre premi\u00e8re m\u00e9daille d&rsquo;or. Maman vient, me serre fort dans<br>ses bras et me sourit les yeux tellement brillant de fiert\u00e9. Depuis ce jour, ma famille me regarde autrement.\u00a0\u00bb<br>Cette r\u00e9ussite permet aussi d&rsquo;envisager de nouveaux projets. Tata a gard\u00e9 des contacts au Comit\u00e9<br>Olympique. Il y a tr\u00e8s peu d&rsquo;\u00e9quipes dans notre cat\u00e9gorie. Nous avons d\u00e9j\u00e0 le niveau requis mais l&rsquo;\u00e2ge<br>minimal pour participer aux Jeux Olympiques est de 15 ans. Il va nous falloir encore patienter un peu avant les<br>prochains mais c&rsquo;est promis, nous serons \u00e0 ce rendez-vous ensemble ! J&rsquo;y mettrai toute mon \u00e9nergie, mon<br>courage et ma d\u00e9termination.\u00a0\u00bb<\/p>\n\n\n\n<figure class=\"wp-block-image size-large is-resized\"><img loading=\"lazy\" src=\"http:\/\/ecolesaintemariesaintdivy.fr\/wp-content\/uploads\/2024\/02\/istockphoto-155238094-612x612-1.jpg\" alt=\"\" class=\"wp-image-7784\" width=\"792\" height=\"528\" srcset=\"http:\/\/ecolesaintemariesaintdivy.fr\/wp-content\/uploads\/2024\/02\/istockphoto-155238094-612x612-1.jpg 792w, http:\/\/ecolesaintemariesaintdivy.fr\/wp-content\/uploads\/2024\/02\/istockphoto-155238094-612x612-1-480x320.jpg 480w\" sizes=\"(min-width: 0px) and (max-width: 480px) 480px, (min-width: 481px) 792px, 100vw\" \/><\/figure>\n","protected":false},"excerpt":{"rendered":"<p>Voici notre production d&rsquo;\u00e9crit collective pour ce concours d&rsquo;\u00e9criture qui nous a pris 6 s\u00e9ances. Nous avions pour imp\u00e9ratifs de r\u00e9diger la suite de l&rsquo;introduction \u00e9crite par Aur\u00e9lie Valognes, marraine de l&rsquo;\u00e9dition 2024, de bien respecter le th\u00e8me du concours \u00ab\u00a0Un pour Tous, Tous pour Un\u00a0\u00bb, et de ne pas d\u00e9passer 5000 caract\u00e8res. Nous aurons [&hellip;]<\/p>\n","protected":false},"author":1,"featured_media":7785,"comment_status":"closed","ping_status":"closed","sticky":false,"template":"","format":"standard","meta":{"_et_pb_use_builder":"off","_et_pb_old_content":"","_et_gb_content_width":""},"categories":[6],"tags":[],"_links":{"self":[{"href":"https:\/\/ecolesaintemariesaintdivy.fr\/index.php?rest_route=\/wp\/v2\/posts\/7783"}],"collection":[{"href":"https:\/\/ecolesaintemariesaintdivy.fr\/index.php?rest_route=\/wp\/v2\/posts"}],"about":[{"href":"https:\/\/ecolesaintemariesaintdivy.fr\/index.php?rest_route=\/wp\/v2\/types\/post"}],"author":[{"embeddable":true,"href":"https:\/\/ecolesaintemariesaintdivy.fr\/index.php?rest_route=\/wp\/v2\/users\/1"}],"replies":[{"embeddable":true,"href":"https:\/\/ecolesaintemariesaintdivy.fr\/index.php?rest_route=%2Fwp%2Fv2%2Fcomments&post=7783"}],"version-history":[{"count":1,"href":"https:\/\/ecolesaintemariesaintdivy.fr\/index.php?rest_route=\/wp\/v2\/posts\/7783\/revisions"}],"predecessor-version":[{"id":7786,"href":"https:\/\/ecolesaintemariesaintdivy.fr\/index.php?rest_route=\/wp\/v2\/posts\/7783\/revisions\/7786"}],"wp:featuredmedia":[{"embeddable":true,"href":"https:\/\/ecolesaintemariesaintdivy.fr\/index.php?rest_route=\/wp\/v2\/media\/7785"}],"wp:attachment":[{"href":"https:\/\/ecolesaintemariesaintdivy.fr\/index.php?rest_route=%2Fwp%2Fv2%2Fmedia&parent=7783"}],"wp:term":[{"taxonomy":"category","embeddable":true,"href":"https:\/\/ecolesaintemariesaintdivy.fr\/index.php?rest_route=%2Fwp%2Fv2%2Fcategories&post=7783"},{"taxonomy":"post_tag","embeddable":true,"href":"https:\/\/ecolesaintemariesaintdivy.fr\/index.php?rest_route=%2Fwp%2Fv2%2Ftags&post=7783"}],"curies":[{"name":"wp","href":"https:\/\/api.w.org\/{rel}","templated":true}]}}