{"id":2317,"date":"2020-08-25T12:00:15","date_gmt":"2020-08-25T10:00:15","guid":{"rendered":"http:\/\/ecolesaintemariesaintdivy.fr\/?p=2317"},"modified":"2020-08-28T09:49:36","modified_gmt":"2020-08-28T07:49:36","slug":"protocole-sanitaire-rentree-2020-pour-une-rentree-sereine","status":"publish","type":"post","link":"https:\/\/ecolesaintemariesaintdivy.fr\/?p=2317","title":{"rendered":"Protocole sanitaire rentr\u00e9e 2020, pour une rentr\u00e9e sereine."},"content":{"rendered":"\n<p>Vous vous questionnez s\u00fbrement sur les conditions de rentr\u00e9e de votre enfant d\u00e8s mardi 1er septembre 2020. Vous trouverez dans le document joint les modalit\u00e9s qui seront mises en place en r\u00e9f\u00e9rence aux dispositions gouvernementales connues \u00e0 ce jour, et sous r\u00e9serve de potentielles modifications selon l&rsquo;\u00e9volution du contexte sanitaire.<\/p>\n\n\n\n<p>Le mardi 1er septembre, vers 8h30, les parents pourront accompagner leur enfant s&rsquo;ils le souhaitent sur la cour de r\u00e9cr\u00e9ation en respectant les gestes barri\u00e8res et la distanciation physique, le port du masque sera obligatoire pour les accompagnants. Les autres jours, nous conseillons que seuls les parents des plus jeunes enfants les accompagnent jusqu&rsquo;\u00e0 l&rsquo;entr\u00e9e de la classe. Il n&rsquo;y aura pas de temps de r\u00e9cr\u00e9ation le matin avant l&rsquo;accueil, les \u00e9l\u00e8ves iront directement en classe d\u00e8s leur arriv\u00e9e.<\/p>\n\n\n\n<p>Toute l&rsquo;\u00e9quipe sera \u00e0 l&rsquo;\u00e9coute des familles, il faudra seulement nous pr\u00e9venir pour bien vous accueillir. <\/p>\n\n\n\n<div class=\"wp-block-file\"><a href=\"http:\/\/ecolesaintemariesaintdivy.fr\/wp-content\/uploads\/2020\/08\/PROTOCOLE-SANITAIRE.pdf\">PROTOCOLE-SANITAIRE<\/a><a href=\"http:\/\/ecolesaintemariesaintdivy.fr\/wp-content\/uploads\/2020\/08\/PROTOCOLE-SANITAIRE.pdf\" class=\"wp-block-file__button\" download>T\u00e9l\u00e9charger<\/a><\/div>\n\n\n\n<p><\/p>\n","protected":false},"excerpt":{"rendered":"<p>Vous vous questionnez s\u00fbrement sur les conditions de rentr\u00e9e de votre enfant d\u00e8s mardi 1er septembre 2020. Vous trouverez dans le document joint les modalit\u00e9s qui seront mises en place en r\u00e9f\u00e9rence aux dispositions gouvernementales connues \u00e0 ce jour, et sous r\u00e9serve de potentielles modifications selon l&rsquo;\u00e9volution du contexte sanitaire. Le mardi 1er septembre, vers [&hellip;]<\/p>\n","protected":false},"author":1,"featured_media":0,"comment_status":"closed","ping_status":"closed","sticky":false,"template":"","format":"standard","meta":{"_et_pb_use_builder":"","_et_pb_old_content":"","_et_gb_content_width":""},"categories":[4],"tags":[],"_links":{"self":[{"href":"https:\/\/ecolesaintemariesaintdivy.fr\/index.php?rest_route=\/wp\/v2\/posts\/2317"}],"collection":[{"href":"https:\/\/ecolesaintemariesaintdivy.fr\/index.php?rest_route=\/wp\/v2\/posts"}],"about":[{"href":"https:\/\/ecolesaintemariesaintdivy.fr\/index.php?rest_route=\/wp\/v2\/types\/post"}],"author":[{"embeddable":true,"href":"https:\/\/ecolesaintemariesaintdivy.fr\/index.php?rest_route=\/wp\/v2\/users\/1"}],"replies":[{"embeddable":true,"href":"https:\/\/ecolesaintemariesaintdivy.fr\/index.php?rest_route=%2Fwp%2Fv2%2Fcomments&post=2317"}],"version-history":[{"count":3,"href":"https:\/\/ecolesaintemariesaintdivy.fr\/index.php?rest_route=\/wp\/v2\/posts\/2317\/revisions"}],"predecessor-version":[{"id":2323,"href":"https:\/\/ecolesaintemariesaintdivy.fr\/index.php?rest_route=\/wp\/v2\/posts\/2317\/revisions\/2323"}],"wp:attachment":[{"href":"https:\/\/ecolesaintemariesaintdivy.fr\/index.php?rest_route=%2Fwp%2Fv2%2Fmedia&parent=2317"}],"wp:term":[{"taxonomy":"category","embeddable":true,"href":"https:\/\/ecolesaintemariesaintdivy.fr\/index.php?rest_route=%2Fwp%2Fv2%2Fcategories&post=2317"},{"taxonomy":"post_tag","embeddable":true,"href":"https:\/\/ecolesaintemariesaintdivy.fr\/index.php?rest_route=%2Fwp%2Fv2%2Ftags&post=2317"}],"curies":[{"name":"wp","href":"https:\/\/api.w.org\/{rel}","templated":true}]}}