{"id":2311,"date":"2020-08-17T14:24:41","date_gmt":"2020-08-17T12:24:41","guid":{"rendered":"http:\/\/ecolesaintemariesaintdivy.fr\/?p=2311"},"modified":"2020-08-17T14:28:17","modified_gmt":"2020-08-17T12:28:17","slug":"cest-bientot-la-rentree","status":"publish","type":"post","link":"https:\/\/ecolesaintemariesaintdivy.fr\/?p=2311","title":{"rendered":"C&rsquo;est bient\u00f4t la rentr\u00e9e!"},"content":{"rendered":"\n<p>Toute l&rsquo;\u00e9quipe de l&rsquo;\u00e9cole Sainte-Marie vous souhaite une belle fin d&rsquo;\u00e9t\u00e9. Veuillez trouver ci-joint une petite note d&rsquo;information concernant la rentr\u00e9e 2020.<\/p>\n\n\n\n<div class=\"wp-block-file\"><a href=\"http:\/\/ecolesaintemariesaintdivy.fr\/wp-content\/uploads\/2020\/08\/mot-de-rentr\u00e9e-2020.odt\">mot-de-rentr\u00e9e-2020<\/a><a href=\"http:\/\/ecolesaintemariesaintdivy.fr\/wp-content\/uploads\/2020\/08\/mot-de-rentr\u00e9e-2020.odt\" class=\"wp-block-file__button\" download>T\u00e9l\u00e9charger<\/a><\/div>\n\n\n\n<figure class=\"wp-block-image\"><img src=\"https:\/\/lh3.googleusercontent.com\/proxy\/JySJnj6MLhYMzUFE3s6bvceaNfA2ooUoLoVWZD7BBT7CGZFg3C-M-XzU94Qw4Gsj19yjJcfxHu6VRJlgkfNxZgk1Zu4B6oJtfaWNolzl4ILMk5CFy-inSRoGMrkCTjmOmicssZ1bt5r07w\" alt=\"Coll\u00e8ge de Basse-Pointe - Nouvelles\"\/><\/figure>\n\n\n\n<p><\/p>\n","protected":false},"excerpt":{"rendered":"<p>Toute l&rsquo;\u00e9quipe de l&rsquo;\u00e9cole Sainte-Marie vous souhaite une belle fin d&rsquo;\u00e9t\u00e9. Veuillez trouver ci-joint une petite note d&rsquo;information concernant la rentr\u00e9e 2020.<\/p>\n","protected":false},"author":1,"featured_media":0,"comment_status":"closed","ping_status":"closed","sticky":false,"template":"","format":"standard","meta":{"_et_pb_use_builder":"","_et_pb_old_content":"","_et_gb_content_width":""},"categories":[4,1],"tags":[],"_links":{"self":[{"href":"https:\/\/ecolesaintemariesaintdivy.fr\/index.php?rest_route=\/wp\/v2\/posts\/2311"}],"collection":[{"href":"https:\/\/ecolesaintemariesaintdivy.fr\/index.php?rest_route=\/wp\/v2\/posts"}],"about":[{"href":"https:\/\/ecolesaintemariesaintdivy.fr\/index.php?rest_route=\/wp\/v2\/types\/post"}],"author":[{"embeddable":true,"href":"https:\/\/ecolesaintemariesaintdivy.fr\/index.php?rest_route=\/wp\/v2\/users\/1"}],"replies":[{"embeddable":true,"href":"https:\/\/ecolesaintemariesaintdivy.fr\/index.php?rest_route=%2Fwp%2Fv2%2Fcomments&post=2311"}],"version-history":[{"count":2,"href":"https:\/\/ecolesaintemariesaintdivy.fr\/index.php?rest_route=\/wp\/v2\/posts\/2311\/revisions"}],"predecessor-version":[{"id":2314,"href":"https:\/\/ecolesaintemariesaintdivy.fr\/index.php?rest_route=\/wp\/v2\/posts\/2311\/revisions\/2314"}],"wp:attachment":[{"href":"https:\/\/ecolesaintemariesaintdivy.fr\/index.php?rest_route=%2Fwp%2Fv2%2Fmedia&parent=2311"}],"wp:term":[{"taxonomy":"category","embeddable":true,"href":"https:\/\/ecolesaintemariesaintdivy.fr\/index.php?rest_route=%2Fwp%2Fv2%2Fcategories&post=2311"},{"taxonomy":"post_tag","embeddable":true,"href":"https:\/\/ecolesaintemariesaintdivy.fr\/index.php?rest_route=%2Fwp%2Fv2%2Ftags&post=2311"}],"curies":[{"name":"wp","href":"https:\/\/api.w.org\/{rel}","templated":true}]}}