{"id":1662,"date":"2020-04-03T10:45:19","date_gmt":"2020-04-03T08:45:19","guid":{"rendered":"http:\/\/ecolesaintemariesaintdivy.fr\/?p=1662"},"modified":"2020-05-04T15:23:33","modified_gmt":"2020-05-04T13:23:33","slug":"03-04-2020et-si-sainte-marie-faisait-son-carnaval","status":"publish","type":"post","link":"https:\/\/ecolesaintemariesaintdivy.fr\/?p=1662","title":{"rendered":"03\/04\/2020,Et si Sainte-Marie faisait son carnaval ?"},"content":{"rendered":"\n<p>Les enfants, vous vous rappelez ce que nous aurions d\u00fb faire aujourd&rsquo;hui? Il  y a quelques semaines, nous nous pr\u00e9parions \u00e0 participer au Carnaval de Landerneau. On n&rsquo;ira pas, c&rsquo;est s\u00fbr. Mais pourquoi ne ferions-nous pas notre carnaval quand m\u00eame? Toute l&rsquo;\u00e9quipe de l&rsquo;\u00e9cole vous propose de vous d\u00e9guiser comme vous avez envie et d&rsquo;envoyer votre photo tout le long de la semaine prochaine? On mettra toutes les photos dans cet article.<\/p>\n\n\n\n<figure class=\"wp-block-image\"><img src=\"http:\/\/www.lasouterraine.fr\/sites\/lasouterraine.fr\/files\/styles\/slide_386_257\/public\/images_2015\/Carnaval.jpg?itok=lnESHNVF\" alt=\"\"\/><\/figure>\n\n\n\n<p><\/p>\n\n\n\n<p>On a h\u00e2te de vous voir d\u00e9guis\u00e9s!<\/p>\n\n\n\n<figure class=\"wp-block-image\"><img alt=\"\"\/><\/figure>\n\n\n\n<figure class=\"wp-block-gallery columns-3 is-cropped\"><ul class=\"blocks-gallery-grid\"><li class=\"blocks-gallery-item\"><figure><img loading=\"lazy\" width=\"576\" height=\"1024\" src=\"http:\/\/ecolesaintemariesaintdivy.fr\/wp-content\/uploads\/2020\/04\/PHOTO-2020-04-03-12-04-03-576x1024.jpg\" alt=\"\" data-id=\"1664\" data-link=\"http:\/\/ecolesaintemariesaintdivy.fr\/?attachment_id=1664\" class=\"wp-image-1664\" srcset=\"https:\/\/ecolesaintemariesaintdivy.fr\/wp-content\/uploads\/2020\/04\/PHOTO-2020-04-03-12-04-03-576x1024.jpg 576w, https:\/\/ecolesaintemariesaintdivy.fr\/wp-content\/uploads\/2020\/04\/PHOTO-2020-04-03-12-04-03-169x300.jpg 169w, https:\/\/ecolesaintemariesaintdivy.fr\/wp-content\/uploads\/2020\/04\/PHOTO-2020-04-03-12-04-03-768x1365.jpg 768w, https:\/\/ecolesaintemariesaintdivy.fr\/wp-content\/uploads\/2020\/04\/PHOTO-2020-04-03-12-04-03-864x1536.jpg 864w, https:\/\/ecolesaintemariesaintdivy.fr\/wp-content\/uploads\/2020\/04\/PHOTO-2020-04-03-12-04-03.jpg 900w\" sizes=\"(max-width: 576px) 100vw, 576px\" \/><figcaption class=\"blocks-gallery-item__caption\">Attention! Lo\u00e9lia et Tom commencent le d\u00e9fil\u00e9!<\/figcaption><\/figure><\/li><li class=\"blocks-gallery-item\"><figure><img loading=\"lazy\" width=\"769\" height=\"1024\" src=\"http:\/\/ecolesaintemariesaintdivy.fr\/wp-content\/uploads\/2020\/04\/thumbnail_IMG_2672-769x1024.jpg\" alt=\"\" data-id=\"1674\" data-link=\"http:\/\/ecolesaintemariesaintdivy.fr\/?attachment_id=1674\" class=\"wp-image-1674\" srcset=\"https:\/\/ecolesaintemariesaintdivy.fr\/wp-content\/uploads\/2020\/04\/thumbnail_IMG_2672-769x1024.jpg 769w, https:\/\/ecolesaintemariesaintdivy.fr\/wp-content\/uploads\/2020\/04\/thumbnail_IMG_2672-225x300.jpg 225w, https:\/\/ecolesaintemariesaintdivy.fr\/wp-content\/uploads\/2020\/04\/thumbnail_IMG_2672-768x1023.jpg 768w, https:\/\/ecolesaintemariesaintdivy.fr\/wp-content\/uploads\/2020\/04\/thumbnail_IMG_2672.jpg 961w\" sizes=\"(max-width: 769px) 100vw, 769px\" \/><figcaption class=\"blocks-gallery-item__caption\">Claire<\/figcaption><\/figure><\/li><li class=\"blocks-gallery-item\"><figure><img loading=\"lazy\" width=\"481\" height=\"640\" src=\"http:\/\/ecolesaintemariesaintdivy.fr\/wp-content\/uploads\/2020\/04\/thumbnail_IMG_20200403_182541_51.jpg\" alt=\"\" data-id=\"1691\" data-link=\"http:\/\/ecolesaintemariesaintdivy.fr\/?attachment_id=1691\" class=\"wp-image-1691\" srcset=\"https:\/\/ecolesaintemariesaintdivy.fr\/wp-content\/uploads\/2020\/04\/thumbnail_IMG_20200403_182541_51.jpg 481w, https:\/\/ecolesaintemariesaintdivy.fr\/wp-content\/uploads\/2020\/04\/thumbnail_IMG_20200403_182541_51-225x300.jpg 225w\" sizes=\"(max-width: 481px) 100vw, 481px\" \/><figcaption class=\"blocks-gallery-item__caption\">Ang\u00e9lique<\/figcaption><\/figure><\/li><li class=\"blocks-gallery-item\"><figure><img loading=\"lazy\" width=\"767\" height=\"1024\" src=\"http:\/\/ecolesaintemariesaintdivy.fr\/wp-content\/uploads\/2020\/04\/part000001-767x1024.jpg\" alt=\"\" data-id=\"1693\" data-link=\"http:\/\/ecolesaintemariesaintdivy.fr\/?attachment_id=1693\" class=\"wp-image-1693\" srcset=\"https:\/\/ecolesaintemariesaintdivy.fr\/wp-content\/uploads\/2020\/04\/part000001-767x1024.jpg 767w, https:\/\/ecolesaintemariesaintdivy.fr\/wp-content\/uploads\/2020\/04\/part000001-225x300.jpg 225w, https:\/\/ecolesaintemariesaintdivy.fr\/wp-content\/uploads\/2020\/04\/part000001-768x1025.jpg 768w, https:\/\/ecolesaintemariesaintdivy.fr\/wp-content\/uploads\/2020\/04\/part000001.jpg 899w\" sizes=\"(max-width: 767px) 100vw, 767px\" \/><figcaption class=\"blocks-gallery-item__caption\">Anne-Marie<\/figcaption><\/figure><\/li><li class=\"blocks-gallery-item\"><figure><img loading=\"lazy\" width=\"768\" height=\"1024\" src=\"http:\/\/ecolesaintemariesaintdivy.fr\/wp-content\/uploads\/2020\/04\/tom-et-lola-768x1024.jpg\" alt=\"\" data-id=\"1695\" data-link=\"http:\/\/ecolesaintemariesaintdivy.fr\/?attachment_id=1695\" class=\"wp-image-1695\" srcset=\"https:\/\/ecolesaintemariesaintdivy.fr\/wp-content\/uploads\/2020\/04\/tom-et-lola-768x1024.jpg 768w, https:\/\/ecolesaintemariesaintdivy.fr\/wp-content\/uploads\/2020\/04\/tom-et-lola-225x300.jpg 225w, https:\/\/ecolesaintemariesaintdivy.fr\/wp-content\/uploads\/2020\/04\/tom-et-lola-1152x1536.jpg 1152w, https:\/\/ecolesaintemariesaintdivy.fr\/wp-content\/uploads\/2020\/04\/tom-et-lola-1080x1440.jpg 1080w, https:\/\/ecolesaintemariesaintdivy.fr\/wp-content\/uploads\/2020\/04\/tom-et-lola.jpg 1200w\" sizes=\"(max-width: 768px) 100vw, 768px\" \/><figcaption class=\"blocks-gallery-item__caption\">Lola<\/figcaption><\/figure><\/li><li class=\"blocks-gallery-item\"><figure><img loading=\"lazy\" width=\"768\" height=\"1024\" src=\"http:\/\/ecolesaintemariesaintdivy.fr\/wp-content\/uploads\/2020\/04\/thumbnail_IMG_3823-768x1024.jpg\" alt=\"\" data-id=\"1697\" data-link=\"http:\/\/ecolesaintemariesaintdivy.fr\/?attachment_id=1697\" class=\"wp-image-1697\" srcset=\"https:\/\/ecolesaintemariesaintdivy.fr\/wp-content\/uploads\/2020\/04\/thumbnail_IMG_3823-768x1024.jpg 768w, https:\/\/ecolesaintemariesaintdivy.fr\/wp-content\/uploads\/2020\/04\/thumbnail_IMG_3823-225x300.jpg 225w, https:\/\/ecolesaintemariesaintdivy.fr\/wp-content\/uploads\/2020\/04\/thumbnail_IMG_3823.jpg 960w\" sizes=\"(max-width: 768px) 100vw, 768px\" \/><figcaption class=\"blocks-gallery-item__caption\">Joy<\/figcaption><\/figure><\/li><li class=\"blocks-gallery-item\"><figure><img loading=\"lazy\" width=\"915\" height=\"810\" src=\"http:\/\/ecolesaintemariesaintdivy.fr\/wp-content\/uploads\/2020\/04\/thumbnail_PHOTO-2020-04-05-17-32-23.jpg\" alt=\"\" data-id=\"1699\" data-link=\"http:\/\/ecolesaintemariesaintdivy.fr\/?attachment_id=1699\" class=\"wp-image-1699\" srcset=\"https:\/\/ecolesaintemariesaintdivy.fr\/wp-content\/uploads\/2020\/04\/thumbnail_PHOTO-2020-04-05-17-32-23.jpg 915w, https:\/\/ecolesaintemariesaintdivy.fr\/wp-content\/uploads\/2020\/04\/thumbnail_PHOTO-2020-04-05-17-32-23-300x266.jpg 300w, https:\/\/ecolesaintemariesaintdivy.fr\/wp-content\/uploads\/2020\/04\/thumbnail_PHOTO-2020-04-05-17-32-23-768x680.jpg 768w\" sizes=\"(max-width: 915px) 100vw, 915px\" \/><figcaption class=\"blocks-gallery-item__caption\">Coralie et David <\/figcaption><\/figure><\/li><li class=\"blocks-gallery-item\"><figure><img loading=\"lazy\" width=\"576\" height=\"1024\" src=\"http:\/\/ecolesaintemariesaintdivy.fr\/wp-content\/uploads\/2020\/04\/PHOTO-2020-04-05-17-31-38-576x1024.jpg\" alt=\"\" data-id=\"1700\" data-link=\"http:\/\/ecolesaintemariesaintdivy.fr\/?attachment_id=1700\" class=\"wp-image-1700\" srcset=\"https:\/\/ecolesaintemariesaintdivy.fr\/wp-content\/uploads\/2020\/04\/PHOTO-2020-04-05-17-31-38-576x1024.jpg 576w, https:\/\/ecolesaintemariesaintdivy.fr\/wp-content\/uploads\/2020\/04\/PHOTO-2020-04-05-17-31-38-169x300.jpg 169w, https:\/\/ecolesaintemariesaintdivy.fr\/wp-content\/uploads\/2020\/04\/PHOTO-2020-04-05-17-31-38-768x1365.jpg 768w, https:\/\/ecolesaintemariesaintdivy.fr\/wp-content\/uploads\/2020\/04\/PHOTO-2020-04-05-17-31-38-864x1536.jpg 864w, https:\/\/ecolesaintemariesaintdivy.fr\/wp-content\/uploads\/2020\/04\/PHOTO-2020-04-05-17-31-38.jpg 900w\" sizes=\"(max-width: 576px) 100vw, 576px\" \/><figcaption class=\"blocks-gallery-item__caption\">Ma\u00e9lia et Nathan<\/figcaption><\/figure><\/li><li class=\"blocks-gallery-item\"><figure><img loading=\"lazy\" width=\"768\" height=\"1024\" src=\"http:\/\/ecolesaintemariesaintdivy.fr\/wp-content\/uploads\/2020\/04\/Carnaval-1-768x1024.jpg\" alt=\"\" data-id=\"1753\" data-link=\"http:\/\/ecolesaintemariesaintdivy.fr\/?attachment_id=1753\" class=\"wp-image-1753\" srcset=\"https:\/\/ecolesaintemariesaintdivy.fr\/wp-content\/uploads\/2020\/04\/Carnaval-1-768x1024.jpg 768w, https:\/\/ecolesaintemariesaintdivy.fr\/wp-content\/uploads\/2020\/04\/Carnaval-1-225x300.jpg 225w, https:\/\/ecolesaintemariesaintdivy.fr\/wp-content\/uploads\/2020\/04\/Carnaval-1-1152x1536.jpg 1152w, https:\/\/ecolesaintemariesaintdivy.fr\/wp-content\/uploads\/2020\/04\/Carnaval-1-1536x2048.jpg 1536w, https:\/\/ecolesaintemariesaintdivy.fr\/wp-content\/uploads\/2020\/04\/Carnaval-1-1080x1440.jpg 1080w, https:\/\/ecolesaintemariesaintdivy.fr\/wp-content\/uploads\/2020\/04\/Carnaval-1-scaled.jpg 1920w\" sizes=\"(max-width: 768px) 100vw, 768px\" \/><figcaption class=\"blocks-gallery-item__caption\">Soen<\/figcaption><\/figure><\/li><li class=\"blocks-gallery-item\"><figure><img loading=\"lazy\" width=\"768\" height=\"1024\" src=\"http:\/\/ecolesaintemariesaintdivy.fr\/wp-content\/uploads\/2020\/04\/annaelle-et-emma-768x1024.jpg\" alt=\"\" data-id=\"1777\" data-link=\"http:\/\/ecolesaintemariesaintdivy.fr\/?attachment_id=1777\" class=\"wp-image-1777\" srcset=\"https:\/\/ecolesaintemariesaintdivy.fr\/wp-content\/uploads\/2020\/04\/annaelle-et-emma-768x1024.jpg 768w, https:\/\/ecolesaintemariesaintdivy.fr\/wp-content\/uploads\/2020\/04\/annaelle-et-emma-225x300.jpg 225w, https:\/\/ecolesaintemariesaintdivy.fr\/wp-content\/uploads\/2020\/04\/annaelle-et-emma.jpg 960w\" sizes=\"(max-width: 768px) 100vw, 768px\" \/><figcaption class=\"blocks-gallery-item__caption\">Ana\u00eblle et Emma<\/figcaption><\/figure><\/li><li class=\"blocks-gallery-item\"><figure><img loading=\"lazy\" width=\"682\" height=\"1024\" src=\"http:\/\/ecolesaintemariesaintdivy.fr\/wp-content\/uploads\/2020\/04\/Manon-P.-Carnaval-682x1024.jpg\" alt=\"\" data-id=\"1780\" data-link=\"http:\/\/ecolesaintemariesaintdivy.fr\/?attachment_id=1780\" class=\"wp-image-1780\" srcset=\"https:\/\/ecolesaintemariesaintdivy.fr\/wp-content\/uploads\/2020\/04\/Manon-P.-Carnaval-682x1024.jpg 682w, https:\/\/ecolesaintemariesaintdivy.fr\/wp-content\/uploads\/2020\/04\/Manon-P.-Carnaval-200x300.jpg 200w, https:\/\/ecolesaintemariesaintdivy.fr\/wp-content\/uploads\/2020\/04\/Manon-P.-Carnaval-768x1153.jpg 768w, https:\/\/ecolesaintemariesaintdivy.fr\/wp-content\/uploads\/2020\/04\/Manon-P.-Carnaval-1023x1536.jpg 1023w, https:\/\/ecolesaintemariesaintdivy.fr\/wp-content\/uploads\/2020\/04\/Manon-P.-Carnaval.jpg 1080w\" sizes=\"(max-width: 682px) 100vw, 682px\" \/><figcaption class=\"blocks-gallery-item__caption\">Manon<\/figcaption><\/figure><\/li><li class=\"blocks-gallery-item\"><figure><img loading=\"lazy\" width=\"768\" height=\"1024\" src=\"http:\/\/ecolesaintemariesaintdivy.fr\/wp-content\/uploads\/2020\/04\/thumbnail_IMG_20200407_164725-768x1024.jpg\" alt=\"\" data-id=\"1783\" data-link=\"http:\/\/ecolesaintemariesaintdivy.fr\/?attachment_id=1783\" class=\"wp-image-1783\" srcset=\"https:\/\/ecolesaintemariesaintdivy.fr\/wp-content\/uploads\/2020\/04\/thumbnail_IMG_20200407_164725-768x1024.jpg 768w, https:\/\/ecolesaintemariesaintdivy.fr\/wp-content\/uploads\/2020\/04\/thumbnail_IMG_20200407_164725-225x300.jpg 225w, https:\/\/ecolesaintemariesaintdivy.fr\/wp-content\/uploads\/2020\/04\/thumbnail_IMG_20200407_164725.jpg 960w\" sizes=\"(max-width: 768px) 100vw, 768px\" \/><figcaption class=\"blocks-gallery-item__caption\">Justine<\/figcaption><\/figure><\/li><li class=\"blocks-gallery-item\"><figure><img loading=\"lazy\" width=\"768\" height=\"1024\" src=\"http:\/\/ecolesaintemariesaintdivy.fr\/wp-content\/uploads\/2020\/04\/PHOTO-2020-04-07-17-35-47-768x1024.jpg\" alt=\"\" data-id=\"1786\" data-link=\"http:\/\/ecolesaintemariesaintdivy.fr\/?attachment_id=1786\" class=\"wp-image-1786\" srcset=\"https:\/\/ecolesaintemariesaintdivy.fr\/wp-content\/uploads\/2020\/04\/PHOTO-2020-04-07-17-35-47-768x1024.jpg 768w, https:\/\/ecolesaintemariesaintdivy.fr\/wp-content\/uploads\/2020\/04\/PHOTO-2020-04-07-17-35-47-225x300.jpg 225w, https:\/\/ecolesaintemariesaintdivy.fr\/wp-content\/uploads\/2020\/04\/PHOTO-2020-04-07-17-35-47-1152x1536.jpg 1152w, https:\/\/ecolesaintemariesaintdivy.fr\/wp-content\/uploads\/2020\/04\/PHOTO-2020-04-07-17-35-47-1080x1440.jpg 1080w, https:\/\/ecolesaintemariesaintdivy.fr\/wp-content\/uploads\/2020\/04\/PHOTO-2020-04-07-17-35-47.jpg 1200w\" sizes=\"(max-width: 768px) 100vw, 768px\" \/><figcaption class=\"blocks-gallery-item__caption\">Carlyle<\/figcaption><\/figure><\/li><li class=\"blocks-gallery-item\"><figure><img loading=\"lazy\" width=\"768\" height=\"1024\" src=\"http:\/\/ecolesaintemariesaintdivy.fr\/wp-content\/uploads\/2020\/04\/thumbnail_IMG_20200408_102633-768x1024.jpg\" alt=\"\" data-id=\"1805\" data-link=\"http:\/\/ecolesaintemariesaintdivy.fr\/?attachment_id=1805\" class=\"wp-image-1805\" srcset=\"https:\/\/ecolesaintemariesaintdivy.fr\/wp-content\/uploads\/2020\/04\/thumbnail_IMG_20200408_102633-768x1024.jpg 768w, https:\/\/ecolesaintemariesaintdivy.fr\/wp-content\/uploads\/2020\/04\/thumbnail_IMG_20200408_102633-225x300.jpg 225w, https:\/\/ecolesaintemariesaintdivy.fr\/wp-content\/uploads\/2020\/04\/thumbnail_IMG_20200408_102633.jpg 960w\" sizes=\"(max-width: 768px) 100vw, 768px\" \/><figcaption class=\"blocks-gallery-item__caption\">Damien et Nathan<\/figcaption><\/figure><\/li><li class=\"blocks-gallery-item\"><figure><img loading=\"lazy\" width=\"719\" height=\"959\" src=\"http:\/\/ecolesaintemariesaintdivy.fr\/wp-content\/uploads\/2020\/04\/image000002.jpg\" alt=\"\" data-id=\"1807\" data-link=\"http:\/\/ecolesaintemariesaintdivy.fr\/?attachment_id=1807\" class=\"wp-image-1807\" srcset=\"https:\/\/ecolesaintemariesaintdivy.fr\/wp-content\/uploads\/2020\/04\/image000002.jpg 719w, https:\/\/ecolesaintemariesaintdivy.fr\/wp-content\/uploads\/2020\/04\/image000002-225x300.jpg 225w\" sizes=\"(max-width: 719px) 100vw, 719px\" \/><figcaption class=\"blocks-gallery-item__caption\">Aur\u00e9lie<\/figcaption><\/figure><\/li><li class=\"blocks-gallery-item\"><figure><img loading=\"lazy\" width=\"768\" height=\"1024\" src=\"http:\/\/ecolesaintemariesaintdivy.fr\/wp-content\/uploads\/2020\/04\/thumbnail_IMG_9761-768x1024.jpg\" alt=\"\" data-id=\"1809\" data-link=\"http:\/\/ecolesaintemariesaintdivy.fr\/?attachment_id=1809\" class=\"wp-image-1809\" srcset=\"https:\/\/ecolesaintemariesaintdivy.fr\/wp-content\/uploads\/2020\/04\/thumbnail_IMG_9761-768x1024.jpg 768w, https:\/\/ecolesaintemariesaintdivy.fr\/wp-content\/uploads\/2020\/04\/thumbnail_IMG_9761-225x300.jpg 225w, https:\/\/ecolesaintemariesaintdivy.fr\/wp-content\/uploads\/2020\/04\/thumbnail_IMG_9761.jpg 960w\" sizes=\"(max-width: 768px) 100vw, 768px\" \/><figcaption class=\"blocks-gallery-item__caption\">Vita<\/figcaption><\/figure><\/li><li class=\"blocks-gallery-item\"><figure><img loading=\"lazy\" width=\"768\" height=\"1024\" src=\"http:\/\/ecolesaintemariesaintdivy.fr\/wp-content\/uploads\/2020\/04\/l\u00e9naik-768x1024.jpg\" alt=\"\" data-id=\"1811\" data-link=\"http:\/\/ecolesaintemariesaintdivy.fr\/?attachment_id=1811\" class=\"wp-image-1811\" srcset=\"https:\/\/ecolesaintemariesaintdivy.fr\/wp-content\/uploads\/2020\/04\/l\u00e9naik-768x1024.jpg 768w, https:\/\/ecolesaintemariesaintdivy.fr\/wp-content\/uploads\/2020\/04\/l\u00e9naik-225x300.jpg 225w, https:\/\/ecolesaintemariesaintdivy.fr\/wp-content\/uploads\/2020\/04\/l\u00e9naik.jpg 960w\" sizes=\"(max-width: 768px) 100vw, 768px\" \/><figcaption class=\"blocks-gallery-item__caption\">L\u00e9na\u00efk et ses parents<\/figcaption><\/figure><\/li><li class=\"blocks-gallery-item\"><figure><img loading=\"lazy\" width=\"768\" height=\"1024\" src=\"http:\/\/ecolesaintemariesaintdivy.fr\/wp-content\/uploads\/2020\/04\/PHOTO-2020-04-09-10-33-27-768x1024.jpg\" alt=\"\" data-id=\"1832\" data-link=\"http:\/\/ecolesaintemariesaintdivy.fr\/?attachment_id=1832\" class=\"wp-image-1832\" srcset=\"https:\/\/ecolesaintemariesaintdivy.fr\/wp-content\/uploads\/2020\/04\/PHOTO-2020-04-09-10-33-27-768x1024.jpg 768w, https:\/\/ecolesaintemariesaintdivy.fr\/wp-content\/uploads\/2020\/04\/PHOTO-2020-04-09-10-33-27-225x300.jpg 225w, https:\/\/ecolesaintemariesaintdivy.fr\/wp-content\/uploads\/2020\/04\/PHOTO-2020-04-09-10-33-27-1152x1536.jpg 1152w, https:\/\/ecolesaintemariesaintdivy.fr\/wp-content\/uploads\/2020\/04\/PHOTO-2020-04-09-10-33-27-1080x1440.jpg 1080w, https:\/\/ecolesaintemariesaintdivy.fr\/wp-content\/uploads\/2020\/04\/PHOTO-2020-04-09-10-33-27.jpg 1200w\" sizes=\"(max-width: 768px) 100vw, 768px\" \/><figcaption class=\"blocks-gallery-item__caption\">Lorele\u00ef<\/figcaption><\/figure><\/li><li class=\"blocks-gallery-item\"><figure><img loading=\"lazy\" width=\"682\" height=\"1024\" src=\"http:\/\/ecolesaintemariesaintdivy.fr\/wp-content\/uploads\/2020\/04\/thumbnail_image2-2-682x1024.jpg\" alt=\"\" data-id=\"1864\" data-link=\"http:\/\/ecolesaintemariesaintdivy.fr\/?attachment_id=1864\" class=\"wp-image-1864\" srcset=\"https:\/\/ecolesaintemariesaintdivy.fr\/wp-content\/uploads\/2020\/04\/thumbnail_image2-2-682x1024.jpg 682w, https:\/\/ecolesaintemariesaintdivy.fr\/wp-content\/uploads\/2020\/04\/thumbnail_image2-2-200x300.jpg 200w, https:\/\/ecolesaintemariesaintdivy.fr\/wp-content\/uploads\/2020\/04\/thumbnail_image2-2-768x1154.jpg 768w, https:\/\/ecolesaintemariesaintdivy.fr\/wp-content\/uploads\/2020\/04\/thumbnail_image2-2.jpg 852w\" sizes=\"(max-width: 682px) 100vw, 682px\" \/><figcaption class=\"blocks-gallery-item__caption\">L\u00e9opold<\/figcaption><\/figure><\/li><li class=\"blocks-gallery-item\"><figure><img loading=\"lazy\" width=\"720\" height=\"960\" src=\"http:\/\/ecolesaintemariesaintdivy.fr\/wp-content\/uploads\/2020\/04\/thumbnail_Resized_20200410_201135.jpg\" alt=\"\" data-id=\"1893\" data-link=\"http:\/\/ecolesaintemariesaintdivy.fr\/?attachment_id=1893\" class=\"wp-image-1893\" srcset=\"https:\/\/ecolesaintemariesaintdivy.fr\/wp-content\/uploads\/2020\/04\/thumbnail_Resized_20200410_201135.jpg 720w, https:\/\/ecolesaintemariesaintdivy.fr\/wp-content\/uploads\/2020\/04\/thumbnail_Resized_20200410_201135-225x300.jpg 225w\" sizes=\"(max-width: 720px) 100vw, 720px\" \/><figcaption class=\"blocks-gallery-item__caption\">Sandra<\/figcaption><\/figure><\/li><li class=\"blocks-gallery-item\"><figure><img loading=\"lazy\" width=\"1024\" height=\"768\" src=\"http:\/\/ecolesaintemariesaintdivy.fr\/wp-content\/uploads\/2020\/04\/thumbnail_IMG_2594-1024x768.jpg\" alt=\"\" data-id=\"1957\" data-link=\"http:\/\/ecolesaintemariesaintdivy.fr\/?attachment_id=1957\" class=\"wp-image-1957\" srcset=\"https:\/\/ecolesaintemariesaintdivy.fr\/wp-content\/uploads\/2020\/04\/thumbnail_IMG_2594-1024x768.jpg 1024w, https:\/\/ecolesaintemariesaintdivy.fr\/wp-content\/uploads\/2020\/04\/thumbnail_IMG_2594-300x225.jpg 300w, https:\/\/ecolesaintemariesaintdivy.fr\/wp-content\/uploads\/2020\/04\/thumbnail_IMG_2594-768x576.jpg 768w, https:\/\/ecolesaintemariesaintdivy.fr\/wp-content\/uploads\/2020\/04\/thumbnail_IMG_2594-510x382.jpg 510w, https:\/\/ecolesaintemariesaintdivy.fr\/wp-content\/uploads\/2020\/04\/thumbnail_IMG_2594-1080x810.jpg 1080w, https:\/\/ecolesaintemariesaintdivy.fr\/wp-content\/uploads\/2020\/04\/thumbnail_IMG_2594.jpg 1280w\" sizes=\"(max-width: 1024px) 100vw, 1024px\" \/><\/figure><\/li><li class=\"blocks-gallery-item\"><figure><img loading=\"lazy\" width=\"768\" height=\"1024\" src=\"http:\/\/ecolesaintemariesaintdivy.fr\/wp-content\/uploads\/2020\/05\/elsa-carnaval-2-768x1024.jpg\" alt=\"\" data-id=\"2153\" data-full-url=\"http:\/\/ecolesaintemariesaintdivy.fr\/wp-content\/uploads\/2020\/05\/elsa-carnaval-2.jpg\" data-link=\"http:\/\/ecolesaintemariesaintdivy.fr\/?attachment_id=2153\" class=\"wp-image-2153\" srcset=\"https:\/\/ecolesaintemariesaintdivy.fr\/wp-content\/uploads\/2020\/05\/elsa-carnaval-2-768x1024.jpg 768w, https:\/\/ecolesaintemariesaintdivy.fr\/wp-content\/uploads\/2020\/05\/elsa-carnaval-2-225x300.jpg 225w, https:\/\/ecolesaintemariesaintdivy.fr\/wp-content\/uploads\/2020\/05\/elsa-carnaval-2.jpg 960w\" sizes=\"(max-width: 768px) 100vw, 768px\" \/><\/figure><\/li><\/ul><\/figure>\n","protected":false},"excerpt":{"rendered":"<p>Les enfants, vous vous rappelez ce que nous aurions d\u00fb faire aujourd&rsquo;hui? Il y a quelques semaines, nous nous pr\u00e9parions \u00e0 participer au Carnaval de Landerneau. On n&rsquo;ira pas, c&rsquo;est s\u00fbr. Mais pourquoi ne ferions-nous pas notre carnaval quand m\u00eame? Toute l&rsquo;\u00e9quipe de l&rsquo;\u00e9cole vous propose de vous d\u00e9guiser comme vous avez envie et d&rsquo;envoyer [&hellip;]<\/p>\n","protected":false},"author":1,"featured_media":0,"comment_status":"closed","ping_status":"closed","sticky":false,"template":"","format":"standard","meta":{"_et_pb_use_builder":"","_et_pb_old_content":"","_et_gb_content_width":""},"categories":[4],"tags":[],"_links":{"self":[{"href":"https:\/\/ecolesaintemariesaintdivy.fr\/index.php?rest_route=\/wp\/v2\/posts\/1662"}],"collection":[{"href":"https:\/\/ecolesaintemariesaintdivy.fr\/index.php?rest_route=\/wp\/v2\/posts"}],"about":[{"href":"https:\/\/ecolesaintemariesaintdivy.fr\/index.php?rest_route=\/wp\/v2\/types\/post"}],"author":[{"embeddable":true,"href":"https:\/\/ecolesaintemariesaintdivy.fr\/index.php?rest_route=\/wp\/v2\/users\/1"}],"replies":[{"embeddable":true,"href":"https:\/\/ecolesaintemariesaintdivy.fr\/index.php?rest_route=%2Fwp%2Fv2%2Fcomments&post=1662"}],"version-history":[{"count":22,"href":"https:\/\/ecolesaintemariesaintdivy.fr\/index.php?rest_route=\/wp\/v2\/posts\/1662\/revisions"}],"predecessor-version":[{"id":2154,"href":"https:\/\/ecolesaintemariesaintdivy.fr\/index.php?rest_route=\/wp\/v2\/posts\/1662\/revisions\/2154"}],"wp:attachment":[{"href":"https:\/\/ecolesaintemariesaintdivy.fr\/index.php?rest_route=%2Fwp%2Fv2%2Fmedia&parent=1662"}],"wp:term":[{"taxonomy":"category","embeddable":true,"href":"https:\/\/ecolesaintemariesaintdivy.fr\/index.php?rest_route=%2Fwp%2Fv2%2Fcategories&post=1662"},{"taxonomy":"post_tag","embeddable":true,"href":"https:\/\/ecolesaintemariesaintdivy.fr\/index.php?rest_route=%2Fwp%2Fv2%2Ftags&post=1662"}],"curies":[{"name":"wp","href":"https:\/\/api.w.org\/{rel}","templated":true}]}}