{"id":10088,"date":"2026-04-30T17:31:59","date_gmt":"2026-04-30T15:31:59","guid":{"rendered":"http:\/\/ecolesaintemariesaintdivy.fr\/?p=10088"},"modified":"2026-04-30T17:32:27","modified_gmt":"2026-04-30T15:32:27","slug":"les-cm-en-mobilite-erasmus-a-porto","status":"publish","type":"post","link":"https:\/\/ecolesaintemariesaintdivy.fr\/?p=10088","title":{"rendered":"Les CM en Mobilit\u00e9 Erasmus+ \u00e0 Porto !"},"content":{"rendered":"\n<figure class=\"wp-block-gallery columns-2 is-cropped\"><ul class=\"blocks-gallery-grid\"><li class=\"blocks-gallery-item\"><figure><img src=\"https:\/\/ecolesaintemariesaintdivy.fr\/wp-content\/uploads\/2026\/04\/drapeau-Portugal.png\" alt=\"L\u2019attribut alt de cette image est vide, son nom de fichier est drapeau-Portugal.png.\" data-id=\"\"\/><\/figure><\/li><li class=\"blocks-gallery-item\"><figure><img loading=\"lazy\" width=\"511\" height=\"566\" src=\"https:\/\/ecolesaintemariesaintdivy.fr\/wp-content\/uploads\/2026\/04\/Blason-Portugal-Porto.png\" alt=\"\" data-id=\"10090\" data-full-url=\"https:\/\/ecolesaintemariesaintdivy.fr\/wp-content\/uploads\/2026\/04\/Blason-Portugal-Porto.png\" data-link=\"https:\/\/ecolesaintemariesaintdivy.fr\/?attachment_id=10090\" class=\"wp-image-10090\" srcset=\"https:\/\/ecolesaintemariesaintdivy.fr\/wp-content\/uploads\/2026\/04\/Blason-Portugal-Porto.png 511w, https:\/\/ecolesaintemariesaintdivy.fr\/wp-content\/uploads\/2026\/04\/Blason-Portugal-Porto-480x532.png 480w\" sizes=\"(min-width: 0px) and (max-width: 480px) 480px, (min-width: 481px) 511px, 100vw\" \/><\/figure><\/li><\/ul><\/figure>\n\n\n\n<p>Les CM s\u00e9journent du 27 avril au 1er mai \u00e0 Vila Nova de Gaia.<\/p>\n\n\n\n<figure class=\"wp-block-image size-large\"><img loading=\"lazy\" width=\"768\" height=\"1024\" src=\"https:\/\/ecolesaintemariesaintdivy.fr\/wp-content\/uploads\/2026\/04\/PHOTO-2026-04-27-12-26-36-768x1024.jpg\" alt=\"\" class=\"wp-image-10093\"\/><\/figure>\n\n\n\n<p>La classe des CM de l&rsquo;\u00e9cole Sainte-Marie de Saint-Divy participe actuellement \u00e0 une mobilit\u00e9 Erasmus+ \u00e0 Vila Nova de Gaia, Porto au Portugal. Ce projet p\u00e9dagogique intitul\u00e9 \u201cWell-being at School: Growing Happier Together in Europe !&nbsp;\u00bb et co-construit avec le groupe scolaire Agrupamento Escola de Gaia vise \u00e0 d\u00e9velopper les comp\u00e9tences psycho-sociales de nos \u00e9l\u00e8ves.<\/p>\n\n\n\n<p>Nos \u00e9l\u00e8ves, tous confondus, sont confront\u00e9s \u00e0 des enjeux majeurs li\u00e9s au bien-\u00eatre scolaire : gestion des \u00e9motions, climat de classe, inclusion des \u00e9l\u00e8ves \u00e0 besoins \u00e9ducatifs particuliers, motivation et engagement dans les apprentissages, engagement dans la vie citoyenne, tout en permettant de d\u00e9velopper des comp\u00e9tences langagi\u00e8res puisque les \u00e9changes se font en anglais.<\/p>\n\n\n\n<p>Avant le d\u00e9part, les \u00e9l\u00e8ves avaient d\u00e9j\u00e0 \u00e9tabli un premier lien gr\u00e2ce \u00e0 un travail de pr\u00e9sentation de leur \u00e9cole et d&rsquo;\u00e9l\u00e9ments culturels sur un digipad \u2013 un mur virtuel collaboratif.<\/p>\n\n\n\n<p>Ce lundi, ils se sont rendus \u00e0 l&rsquo;a\u00e9roport de Guipavas pour prendre l&rsquo;avion, c&rsquo;\u00e9tait une premi\u00e8re fois pour certains. Instants magiques !<\/p>\n\n\n\n<p>Ils s\u00e9journent dans une maison particuli\u00e8re bien \u00e9quip\u00e9e avec Candice et Caroline, les enseignantes encadrant le projet. <\/p>\n\n\n\n<p>Nos \u00e9l\u00e8ves sont actuellement accueillis par 2 \u00e9coles du groupe scolaire. Tour \u00e0 tour, ils ont \u00e9t\u00e9 chaleureusement accueillis avec des chants, des danses traditionnelles, des pr\u00e9sentations culturelles. Les 3 jours alternent ateliers linguistiques et artistiques sur les \u00e9motions, les visites des \u00e9tablissements. Les \u00e9l\u00e8ves partagent des moments conviviaux, des ateliers sportifs, un go\u00fbter, les d\u00e9jeuners avec leurs correspondants. Pour renforcer le sentiment de bien-\u00eatre enrichi par le contexte environnemental, les \u00e9l\u00e8ves portugais et fran\u00e7ais m\u00e8nent des activit\u00e9s ext\u00e9rieures\u00a0: la cr\u00e9ation collective de la fresque du bien-\u00eatre, une croisi\u00e8re sur le Douro pour d\u00e9couvrir le patrimoine culturel et \u00e9conomique de Porto, des jeux sensoriels en visitant le jardin du Palacio de Cristal, et l&rsquo;exploration du Parc de la Lavandeira pour comprendre l&rsquo;impact de l&rsquo;activit\u00e9 physique et du contact de la nature en faveur de notre bien-\u00eatre.<\/p>\n\n\n\n<p>Ce s\u00e9jour soutenu par le Programme Erasmus+ et la Consortium de la DDEC 29, permet aux \u00e9l\u00e8ves de vivre une exp\u00e9rience d&rsquo;apprentissage v\u00e9ritablement immersive, d&rsquo;am\u00e9liorer leur anglais, de d\u00e9velopper leurs capacit\u00e9s d&rsquo;adaptation et de coop\u00e9ration.<\/p>\n\n\n\n<p>Cette opportunit\u00e9 est une belle fabrique \u00e0 souvenirs dont ils se souviendront longtemps !<\/p>\n\n\n\n<figure class=\"wp-block-gallery columns-2 is-cropped\"><ul class=\"blocks-gallery-grid\"><li class=\"blocks-gallery-item\"><figure><img loading=\"lazy\" width=\"500\" height=\"157\" src=\"https:\/\/ecolesaintemariesaintdivy.fr\/wp-content\/uploads\/2026\/04\/erasmus.jpg\" alt=\"\" data-id=\"10091\" class=\"wp-image-10091\" srcset=\"https:\/\/ecolesaintemariesaintdivy.fr\/wp-content\/uploads\/2026\/04\/erasmus.jpg 500w, https:\/\/ecolesaintemariesaintdivy.fr\/wp-content\/uploads\/2026\/04\/erasmus-480x151.jpg 480w\" sizes=\"(min-width: 0px) and (max-width: 480px) 480px, (min-width: 481px) 500px, 100vw\" \/><\/figure><\/li><li class=\"blocks-gallery-item\"><figure><img loading=\"lazy\" width=\"1000\" height=\"369\" src=\"https:\/\/ecolesaintemariesaintdivy.fr\/wp-content\/uploads\/2026\/04\/logo-erasmusddec29.jpg\" alt=\"\" data-id=\"10092\" data-full-url=\"https:\/\/ecolesaintemariesaintdivy.fr\/wp-content\/uploads\/2026\/04\/logo-erasmusddec29.jpg\" data-link=\"https:\/\/ecolesaintemariesaintdivy.fr\/?attachment_id=10092\" class=\"wp-image-10092\" srcset=\"https:\/\/ecolesaintemariesaintdivy.fr\/wp-content\/uploads\/2026\/04\/logo-erasmusddec29.jpg 1000w, https:\/\/ecolesaintemariesaintdivy.fr\/wp-content\/uploads\/2026\/04\/logo-erasmusddec29-980x362.jpg 980w, https:\/\/ecolesaintemariesaintdivy.fr\/wp-content\/uploads\/2026\/04\/logo-erasmusddec29-480x177.jpg 480w\" sizes=\"(min-width: 0px) and (max-width: 480px) 480px, (min-width: 481px) and (max-width: 980px) 980px, (min-width: 981px) 1000px, 100vw\" \/><\/figure><\/li><\/ul><\/figure>\n\n\n\n<figure class=\"wp-block-image size-large\"><img loading=\"lazy\" width=\"1024\" height=\"768\" src=\"https:\/\/ecolesaintemariesaintdivy.fr\/wp-content\/uploads\/2026\/04\/PHOTO-2026-04-29-22-58-30-1024x768.jpg\" alt=\"\" class=\"wp-image-10105\" srcset=\"https:\/\/ecolesaintemariesaintdivy.fr\/wp-content\/uploads\/2026\/04\/PHOTO-2026-04-29-22-58-30-1024x768.jpg 1024w, https:\/\/ecolesaintemariesaintdivy.fr\/wp-content\/uploads\/2026\/04\/PHOTO-2026-04-29-22-58-30-980x735.jpg 980w, https:\/\/ecolesaintemariesaintdivy.fr\/wp-content\/uploads\/2026\/04\/PHOTO-2026-04-29-22-58-30-480x360.jpg 480w\" sizes=\"(min-width: 0px) and (max-width: 480px) 480px, (min-width: 481px) and (max-width: 980px) 980px, (min-width: 981px) 1024px, 100vw\" \/><\/figure>\n\n\n\n<figure class=\"wp-block-image size-large\"><img loading=\"lazy\" width=\"768\" height=\"1024\" src=\"https:\/\/ecolesaintemariesaintdivy.fr\/wp-content\/uploads\/2026\/04\/PHOTO-2026-04-29-22-58-29-1-768x1024.jpg\" alt=\"\" class=\"wp-image-10106\" srcset=\"https:\/\/ecolesaintemariesaintdivy.fr\/wp-content\/uploads\/2026\/04\/PHOTO-2026-04-29-22-58-29-1-768x1024.jpg 768w, https:\/\/ecolesaintemariesaintdivy.fr\/wp-content\/uploads\/2026\/04\/PHOTO-2026-04-29-22-58-29-1-480x640.jpg 480w\" sizes=\"(min-width: 0px) and (max-width: 480px) 480px, (min-width: 481px) 768px, 100vw\" \/><\/figure>\n\n\n\n<figure class=\"wp-block-image size-large\"><img loading=\"lazy\" width=\"768\" height=\"1024\" src=\"https:\/\/ecolesaintemariesaintdivy.fr\/wp-content\/uploads\/2026\/04\/PHOTO-2026-04-29-22-58-25-1-768x1024.jpg\" alt=\"\" class=\"wp-image-10097\"\/><figcaption>Nos CM accueillis dans le Groupe scolaire Agrupamento Escola de Gaia<\/figcaption><\/figure>\n\n\n\n<figure class=\"wp-block-image size-large\"><img loading=\"lazy\" width=\"768\" height=\"1024\" src=\"https:\/\/ecolesaintemariesaintdivy.fr\/wp-content\/uploads\/2026\/04\/PHOTO-2026-04-29-13-55-36-768x1024.jpg\" alt=\"\" class=\"wp-image-10104\" srcset=\"https:\/\/ecolesaintemariesaintdivy.fr\/wp-content\/uploads\/2026\/04\/PHOTO-2026-04-29-13-55-36-768x1024.jpg 768w, https:\/\/ecolesaintemariesaintdivy.fr\/wp-content\/uploads\/2026\/04\/PHOTO-2026-04-29-13-55-36-480x640.jpg 480w\" sizes=\"(min-width: 0px) and (max-width: 480px) 480px, (min-width: 481px) 768px, 100vw\" \/><figcaption>Match France-Portugal \u00e0 la r\u00e9cr\u00e9 !<\/figcaption><\/figure>\n\n\n\n<figure class=\"wp-block-image size-large\"><img loading=\"lazy\" width=\"768\" height=\"1024\" src=\"https:\/\/ecolesaintemariesaintdivy.fr\/wp-content\/uploads\/2026\/04\/PHOTO-2026-04-29-22-58-26-768x1024.jpg\" alt=\"\" class=\"wp-image-10098\"\/><figcaption>D\u00e9jeuner \u00e0 la cantine<\/figcaption><\/figure>\n\n\n\n<figure class=\"wp-block-image size-large\"><img loading=\"lazy\" width=\"768\" height=\"1024\" src=\"https:\/\/ecolesaintemariesaintdivy.fr\/wp-content\/uploads\/2026\/04\/PHOTO-2026-04-29-22-58-27-768x1024.jpg\" alt=\"\" class=\"wp-image-10100\"\/><figcaption>Les \u00e9l\u00e8ves portugais leur ont pr\u00e9par\u00e9 un go\u00fbter typique<\/figcaption><\/figure>\n\n\n\n<figure class=\"wp-block-image size-large\"><img loading=\"lazy\" width=\"768\" height=\"1024\" src=\"https:\/\/ecolesaintemariesaintdivy.fr\/wp-content\/uploads\/2026\/04\/PHOTO-2026-04-29-22-58-25-768x1024.jpg\" alt=\"\" class=\"wp-image-10096\"\/><figcaption>Trajet en m\u00e9tro &#8211; une autre nouvelle exp\u00e9rience de transport !<\/figcaption><\/figure>\n\n\n\n<figure class=\"wp-block-image size-large\"><img loading=\"lazy\" width=\"1024\" height=\"768\" src=\"https:\/\/ecolesaintemariesaintdivy.fr\/wp-content\/uploads\/2026\/04\/PHOTO-2026-04-29-22-58-27-1-1024x768.jpg\" alt=\"\" class=\"wp-image-10099\" srcset=\"https:\/\/ecolesaintemariesaintdivy.fr\/wp-content\/uploads\/2026\/04\/PHOTO-2026-04-29-22-58-27-1-980x735.jpg 980w, https:\/\/ecolesaintemariesaintdivy.fr\/wp-content\/uploads\/2026\/04\/PHOTO-2026-04-29-22-58-27-1-480x360.jpg 480w\" sizes=\"(min-width: 0px) and (max-width: 480px) 480px, (min-width: 481px) and (max-width: 980px) 980px, (min-width: 981px) 1024px, 100vw\" \/><\/figure>\n\n\n\n<figure class=\"wp-block-image size-large\"><img loading=\"lazy\" width=\"768\" height=\"1024\" src=\"https:\/\/ecolesaintemariesaintdivy.fr\/wp-content\/uploads\/2026\/04\/PHOTO-2026-04-28-20-40-59-768x1024.jpg\" alt=\"\" class=\"wp-image-10095\"\/><figcaption>Visite de Porto en t\u00e9l\u00e9ph\u00e9rique<\/figcaption><\/figure>\n\n\n\n<figure class=\"wp-block-image size-large\"><img loading=\"lazy\" width=\"768\" height=\"1024\" src=\"https:\/\/ecolesaintemariesaintdivy.fr\/wp-content\/uploads\/2026\/04\/PHOTO-2026-04-28-19-16-05-768x1024.jpg\" alt=\"\" class=\"wp-image-10094\"\/><figcaption>En croisi\u00e8re sur le Douro<\/figcaption><\/figure>\n\n\n\n<figure class=\"wp-block-image size-large\"><img loading=\"lazy\" width=\"768\" height=\"1024\" src=\"https:\/\/ecolesaintemariesaintdivy.fr\/wp-content\/uploads\/2026\/04\/PHOTO-2026-04-29-22-58-28-2-768x1024.jpg\" alt=\"\" class=\"wp-image-10101\"\/><\/figure>\n\n\n\n<figure class=\"wp-block-image size-large\"><img loading=\"lazy\" width=\"1024\" height=\"768\" src=\"https:\/\/ecolesaintemariesaintdivy.fr\/wp-content\/uploads\/2026\/04\/PHOTO-2026-04-29-22-58-29-1024x768.jpg\" alt=\"\" class=\"wp-image-10102\" srcset=\"https:\/\/ecolesaintemariesaintdivy.fr\/wp-content\/uploads\/2026\/04\/PHOTO-2026-04-29-22-58-29-980x735.jpg 980w, https:\/\/ecolesaintemariesaintdivy.fr\/wp-content\/uploads\/2026\/04\/PHOTO-2026-04-29-22-58-29-480x360.jpg 480w\" sizes=\"(min-width: 0px) and (max-width: 480px) 480px, (min-width: 481px) and (max-width: 980px) 980px, (min-width: 981px) 1024px, 100vw\" \/><\/figure>\n\n\n\n<figure class=\"wp-block-image size-large is-resized\"><img loading=\"lazy\" src=\"https:\/\/ecolesaintemariesaintdivy.fr\/wp-content\/uploads\/2026\/04\/PHOTO-2026-04-29-22-58-25-2.jpg\" alt=\"\" class=\"wp-image-10103\" width=\"603\" height=\"804\" srcset=\"https:\/\/ecolesaintemariesaintdivy.fr\/wp-content\/uploads\/2026\/04\/PHOTO-2026-04-29-22-58-25-2.jpg 480w, https:\/\/ecolesaintemariesaintdivy.fr\/wp-content\/uploads\/2026\/04\/PHOTO-2026-04-29-22-58-25-2-225x300.jpg 225w\" sizes=\"(max-width: 603px) 100vw, 603px\" \/><figcaption>Instant bien-\u00eatre au parc Palacio de Cristal<\/figcaption><\/figure>\n","protected":false},"excerpt":{"rendered":"<p>Les CM s\u00e9journent du 27 avril au 1er mai \u00e0 Vila Nova de Gaia. La classe des CM de l&rsquo;\u00e9cole Sainte-Marie de Saint-Divy participe actuellement \u00e0 une mobilit\u00e9 Erasmus+ \u00e0 Vila Nova de Gaia, Porto au Portugal. Ce projet p\u00e9dagogique intitul\u00e9 \u201cWell-being at School: Growing Happier Together in Europe !&nbsp;\u00bb et co-construit avec le groupe [&hellip;]<\/p>\n","protected":false},"author":1,"featured_media":10102,"comment_status":"closed","ping_status":"closed","sticky":false,"template":"","format":"standard","meta":{"_et_pb_use_builder":"off","_et_pb_old_content":"","_et_gb_content_width":""},"categories":[6],"tags":[],"_links":{"self":[{"href":"https:\/\/ecolesaintemariesaintdivy.fr\/index.php?rest_route=\/wp\/v2\/posts\/10088"}],"collection":[{"href":"https:\/\/ecolesaintemariesaintdivy.fr\/index.php?rest_route=\/wp\/v2\/posts"}],"about":[{"href":"https:\/\/ecolesaintemariesaintdivy.fr\/index.php?rest_route=\/wp\/v2\/types\/post"}],"author":[{"embeddable":true,"href":"https:\/\/ecolesaintemariesaintdivy.fr\/index.php?rest_route=\/wp\/v2\/users\/1"}],"replies":[{"embeddable":true,"href":"https:\/\/ecolesaintemariesaintdivy.fr\/index.php?rest_route=%2Fwp%2Fv2%2Fcomments&post=10088"}],"version-history":[{"count":1,"href":"https:\/\/ecolesaintemariesaintdivy.fr\/index.php?rest_route=\/wp\/v2\/posts\/10088\/revisions"}],"predecessor-version":[{"id":10107,"href":"https:\/\/ecolesaintemariesaintdivy.fr\/index.php?rest_route=\/wp\/v2\/posts\/10088\/revisions\/10107"}],"wp:featuredmedia":[{"embeddable":true,"href":"https:\/\/ecolesaintemariesaintdivy.fr\/index.php?rest_route=\/wp\/v2\/media\/10102"}],"wp:attachment":[{"href":"https:\/\/ecolesaintemariesaintdivy.fr\/index.php?rest_route=%2Fwp%2Fv2%2Fmedia&parent=10088"}],"wp:term":[{"taxonomy":"category","embeddable":true,"href":"https:\/\/ecolesaintemariesaintdivy.fr\/index.php?rest_route=%2Fwp%2Fv2%2Fcategories&post=10088"},{"taxonomy":"post_tag","embeddable":true,"href":"https:\/\/ecolesaintemariesaintdivy.fr\/index.php?rest_route=%2Fwp%2Fv2%2Ftags&post=10088"}],"curies":[{"name":"wp","href":"https:\/\/api.w.org\/{rel}","templated":true}]}}